{"id":1135,"date":"2026-07-03T12:09:03","date_gmt":"2026-07-03T15:09:03","guid":{"rendered":"https:\/\/claudiostarec.com.br\/?p=1135"},"modified":"2026-08-10T12:13:06","modified_gmt":"2026-08-10T15:13:06","slug":"proposito-o-combustivel-invisivel-da-lideranca","status":"publish","type":"post","link":"https:\/\/claudiostarec.com.br\/index.php\/2026\/07\/03\/proposito-o-combustivel-invisivel-da-lideranca\/","title":{"rendered":"Prop\u00f3sito: o combust\u00edvel invis\u00edvel da lideran\u00e7a"},"content":{"rendered":"\n<div style=\"height:30px\" aria-hidden=\"true\" class=\"wp-block-spacer\"><\/div>\n\n\n\n<h2 class=\"wp-block-heading\"><strong>S\u00c9RIE LIDERAN\u00c7A 360\u00b0&nbsp; \u00b7&nbsp; ARTIGO 1 DE 6 \u00b7&nbsp; PROP\u00d3SITO &#8211; O PRIMEIRO P<\/strong><\/h2>\n\n\n\n<p class=\"wp-block-paragraph\"><em>Porque ningu\u00e9m inspira a partir do vazio.<\/em><\/p>\n\n\n\n<p class=\"wp-block-paragraph\">No primeiro artigo, terminei com uma pergunta que parece simples e n\u00e3o \u00e9: por que voc\u00ea se levanta da cama todas as manh\u00e3s?<\/p>\n\n\n\n<p class=\"wp-block-paragraph\">N\u00e3o \u00e9 for\u00e7a de express\u00e3o. \u00c9, talvez, a pergunta mais importante que um l\u00edder pode se fazer. A resposta pode explicar muito mais sobre sua lideran\u00e7a do que qualquer MBA. Se a sua compet\u00eancia [\u00e9 capaz de abrir portas. \u00c9 o Prop\u00f3sito que manter\u00e1 voc\u00ea relevante. Neste artigo, compartilho por que essa diferen\u00e7a pode transformar sua forma de liderar.<\/p>\n\n\n\n<p class=\"wp-block-paragraph\">Deixa eu te levar a um lugar onde ela tem peso de vida. H\u00e1 uma ilha no Jap\u00e3o, Okinawa, onde as pessoas vivem mais do que em quase qualquer outro lugar do planeta. Quando Dan Buettner, em parceria com a National Geographic, mapeou as cinco regi\u00f5es mais long\u00e9vas do mundo \u2014 as Blue Zones \u2014, esperava encontrar uma dieta milagrosa ou um gene raro. Encontrou outra coisa: aquelas pessoas viviam mais porque viviam melhor. E viviam melhor porque tinham, todas, uma resposta clara para aquela pergunta.<\/p>\n\n\n\n<p class=\"wp-block-paragraph\">Em Okinawa, essa resposta tem nome:<strong> Ikigai.<\/strong> N\u00e3o por acaso, os okinawanos sequer t\u00eam uma palavra para \u201caposentadoria\u201d. Ter um prop\u00f3sito claro, dizem os pesquisadores, pode valer at\u00e9 sete anos a mais de vida.<\/p>\n\n\n\n<figure class=\"wp-block-image aligncenter size-large\"><img fetchpriority=\"high\" decoding=\"async\" width=\"682\" height=\"1024\" src=\"https:\/\/claudiostarec.com.br\/wp-content\/uploads\/2026\/08\/ikigai-lideranca-claudio-starec-682x1024.webp\" alt=\"\" class=\"wp-image-1138\" srcset=\"https:\/\/claudiostarec.com.br\/wp-content\/uploads\/2026\/08\/ikigai-lideranca-claudio-starec-682x1024.webp 682w, https:\/\/claudiostarec.com.br\/wp-content\/uploads\/2026\/08\/ikigai-lideranca-claudio-starec-200x300.webp 200w, https:\/\/claudiostarec.com.br\/wp-content\/uploads\/2026\/08\/ikigai-lideranca-claudio-starec-768x1152.webp 768w, https:\/\/claudiostarec.com.br\/wp-content\/uploads\/2026\/08\/ikigai-lideranca-claudio-starec.webp 931w\" sizes=\"(max-width: 682px) 100vw, 682px\" \/><figcaption class=\"wp-element-caption\">Figura: IKIGAI \u2013 Qual \u00e9 o seu prop\u00f3sito enquanto l\u00edder? Fonte: O Autor<\/figcaption><\/figure>\n\n\n\n<p class=\"wp-block-paragraph\">Guarde essa ideia. Se um prop\u00f3sito \u00e9 capaz de sustentar uma vida inteira, por que n\u00e3o sustentaria uma lideran\u00e7a inteira?<\/p>\n\n\n\n<p class=\"wp-block-paragraph\">A palavra <strong>Ikigai<\/strong> une dois ideogramas:<strong> iki,<\/strong> \u201cvida\u201d, e<strong> gai<\/strong>, \u201cvalor\u201d. Juntos, formam a ideia de uma vida que vale a pena ser vivida. O modelo que o Ocidente popularizou prop\u00f5e que o seu prop\u00f3sito mora no encontro de quatro c\u00edrculos: aquilo que voc\u00ea ama, aquilo em que \u00e9 bom, aquilo de que o mundo precisa e aquilo pelo qual pode ser pago. Vale uma ressalva, de quem respeita a origem do conceito: o <strong>Ikigai<\/strong> japon\u00eas \u00e9 mais amplo do que esse diagrama. Mas, como porta de entrada para o autoconhecimento, ele \u00e9 poderoso.<\/p>\n\n\n\n<figure class=\"wp-block-image aligncenter size-large\"><img decoding=\"async\" width=\"1024\" height=\"683\" src=\"https:\/\/claudiostarec.com.br\/wp-content\/uploads\/2026\/08\/ikigai-claudio-starec-1024x683.webp\" alt=\"\" class=\"wp-image-1136\" srcset=\"https:\/\/claudiostarec.com.br\/wp-content\/uploads\/2026\/08\/ikigai-claudio-starec-1024x683.webp 1024w, https:\/\/claudiostarec.com.br\/wp-content\/uploads\/2026\/08\/ikigai-claudio-starec-300x200.webp 300w, https:\/\/claudiostarec.com.br\/wp-content\/uploads\/2026\/08\/ikigai-claudio-starec-768x512.webp 768w, https:\/\/claudiostarec.com.br\/wp-content\/uploads\/2026\/08\/ikigai-claudio-starec.webp 1488w\" sizes=\"(max-width: 1024px) 100vw, 1024px\" \/><figcaption class=\"wp-element-caption\">O IKIGAI: Qual \u00e9 o seu Prop\u00f3sito?<\/figcaption><\/figure>\n\n\n\n<p class=\"wp-block-paragraph\">Quando fiz o meu pr\u00f3prio<strong> Ikigai,<\/strong> cheguei a uma frase que me organiza at\u00e9 hoje: a minha raz\u00e3o de ser \u00e9 ajudar pessoas a alcan\u00e7arem seus objetivos. Tudo o que fa\u00e7o: mentoria, aula, livro, palestra, treinamento &nbsp;\u00e9 desdobramento disso. N\u00e3o foi exerc\u00edcio de uma tarde; levei tempo para chegar a essa frase. Mas, desde que cheguei, as decis\u00f5es ficaram mais simples. O prop\u00f3sito \u00e9 assim: ele n\u00e3o facilita o caminho, facilita a escolha do caminho.<\/p>\n\n\n\n<p class=\"wp-block-paragraph\">Um l\u00edder sem prop\u00f3sito gerencia tarefas, administra processos. Um l\u00edder com prop\u00f3sito mobiliza e conduz pessoas; porque sabe para onde est\u00e1 indo e o por qu\u00ea. E prop\u00f3sito n\u00e3o se delega: \u00e9 a \u00fanica coisa que precisa vir de dentro antes de inspirar qualquer um l\u00e1 fora. Ningu\u00e9m compra uma vis\u00e3o que o pr\u00f3prio l\u00edder n\u00e3o tem.<\/p>\n\n\n\n<p class=\"wp-block-paragraph\">Deixa eu ilustrar com uma hist\u00f3ria que virou lenda \u2014 e cuja for\u00e7a n\u00e3o depende de ela ser literalmente verdadeira. Conta-se que, numa visita \u00e0 NASA nos anos 1960, o presidente Kennedy cruzou com um zelador que varria o corredor e perguntou o que ele fazia ali. A resposta ficou para a hist\u00f3ria: \u201cEstou ajudando a levar o homem \u00e0 Lua.\u201d Aquele homem n\u00e3o estava limpando o ch\u00e3o; estava participando de uma miss\u00e3o. \u00c9 isso que o prop\u00f3sito faz: n\u00e3o muda a tarefa, muda o significado dela. E significado \u00e9 o que faz algu\u00e9m dar o seu melhor numa ter\u00e7a-feira qualquer, sem ningu\u00e9m mandando.<\/p>\n\n\n\n<p class=\"wp-block-paragraph\">\u00c9 por isso que, no <strong>M\u00e9todo HELIAR\u2122 de Lideran\u00e7a 360\u00b0<\/strong>, o Prop\u00f3sito \u00e9 o combust\u00edvel do Engajamento. N\u00e3o existe equipe engajada com um l\u00edder que n\u00e3o sabe por que faz o que faz. A energia que move o time nasce ali, no centro, n\u00e3o nos discursos, nem nos b\u00f4nus.<\/p>\n\n\n\n<p class=\"wp-block-paragraph\">Se voc\u00ea ainda n\u00e3o tem a sua frase, comece simples. Em que momento do seu trabalho o tempo passa sem voc\u00ea perceber? O que as pessoas costumam te procurar para resolver? O que voc\u00ea faria mesmo sem ser pago? A interse\u00e7\u00e3o dessas respostas \u00e9 o melhor ponto de partida que conhe\u00e7o.<\/p>\n\n\n\n<p class=\"wp-block-paragraph\">Fica a pergunta, a mesma do come\u00e7o: voc\u00ea consegue dizer, em uma \u00fanica frase, por que se levanta de manh\u00e3?<\/p>\n\n\n\n<p class=\"wp-block-paragraph\">No pr\u00f3ximo artigo da s\u00e9rie, vamos do \u201cporqu\u00ea\u201d para o \u201ccom quem\u201d. O futuro raramente avisa. Nenhum prop\u00f3sito se realiza sozinho e a tecnologia, por mais avan\u00e7ada que seja, nunca vai substituir aquilo de que falaremos a seguir: as Pessoas.<\/p>\n\n\n\n<p class=\"wp-block-paragraph\">\u2022&nbsp; \u2022&nbsp; \u2022<\/p>\n\n\n\n<div style=\"height:30px\" aria-hidden=\"true\" class=\"wp-block-spacer\"><\/div>\n\n\n\n<p class=\"wp-block-paragraph\"><em>Claudio Starec \u00e9 consultor, mentor de executivos, palestrante e autor. H\u00e1 mais de 35 anos desenvolve l\u00edderes e organiza\u00e7\u00f5es no Brasil e em Portugal, e \u00e9 o criador do m\u00e9todo HELIAR\u2122 de Lideran\u00e7a 360\u00b0. <\/em><a href=\"http:\/\/www.claudiostarec.com.br\/\"><em>www.claudiostarec.com.br<\/em><\/a><\/p>\n\n\n\n<p class=\"wp-block-paragraph\"><\/p>\n","protected":false},"excerpt":{"rendered":"<p>S\u00c9RIE LIDERAN\u00c7A 360\u00b0&nbsp; \u00b7&nbsp; ARTIGO 1 DE 6 \u00b7&nbsp; PROP\u00d3SITO &#8211; O PRIMEIRO P Porque ningu\u00e9m inspira a partir do vazio. No primeiro artigo, terminei com uma pergunta que parece simples e n\u00e3o \u00e9: por que voc\u00ea se levanta da cama todas as manh\u00e3s? N\u00e3o \u00e9 for\u00e7a de express\u00e3o. \u00c9, talvez, a pergunta mais importante [&hellip;]<\/p>\n","protected":false},"author":1,"featured_media":1139,"comment_status":"open","ping_status":"open","sticky":false,"template":"","format":"standard","meta":{"footnotes":""},"categories":[1],"tags":[],"class_list":["post-1135","post","type-post","status-publish","format-standard","has-post-thumbnail","hentry","category-blog"],"_links":{"self":[{"href":"https:\/\/claudiostarec.com.br\/index.php\/wp-json\/wp\/v2\/posts\/1135","targetHints":{"allow":["GET"]}}],"collection":[{"href":"https:\/\/claudiostarec.com.br\/index.php\/wp-json\/wp\/v2\/posts"}],"about":[{"href":"https:\/\/claudiostarec.com.br\/index.php\/wp-json\/wp\/v2\/types\/post"}],"author":[{"embeddable":true,"href":"https:\/\/claudiostarec.com.br\/index.php\/wp-json\/wp\/v2\/users\/1"}],"replies":[{"embeddable":true,"href":"https:\/\/claudiostarec.com.br\/index.php\/wp-json\/wp\/v2\/comments?post=1135"}],"version-history":[{"count":1,"href":"https:\/\/claudiostarec.com.br\/index.php\/wp-json\/wp\/v2\/posts\/1135\/revisions"}],"predecessor-version":[{"id":1140,"href":"https:\/\/claudiostarec.com.br\/index.php\/wp-json\/wp\/v2\/posts\/1135\/revisions\/1140"}],"wp:featuredmedia":[{"embeddable":true,"href":"https:\/\/claudiostarec.com.br\/index.php\/wp-json\/wp\/v2\/media\/1139"}],"wp:attachment":[{"href":"https:\/\/claudiostarec.com.br\/index.php\/wp-json\/wp\/v2\/media?parent=1135"}],"wp:term":[{"taxonomy":"category","embeddable":true,"href":"https:\/\/claudiostarec.com.br\/index.php\/wp-json\/wp\/v2\/categories?post=1135"},{"taxonomy":"post_tag","embeddable":true,"href":"https:\/\/claudiostarec.com.br\/index.php\/wp-json\/wp\/v2\/tags?post=1135"}],"curies":[{"name":"wp","href":"https:\/\/api.w.org\/{rel}","templated":true}]}}