{"id":1129,"date":"2026-07-07T11:58:59","date_gmt":"2026-07-07T14:58:59","guid":{"rendered":"https:\/\/claudiostarec.com.br\/?p=1129"},"modified":"2026-08-10T12:08:10","modified_gmt":"2026-08-10T15:08:10","slug":"pessoas-por-que-a-tecnologia-nunca-vai-substituir-a-lideranca","status":"publish","type":"post","link":"https:\/\/claudiostarec.com.br\/index.php\/2026\/07\/07\/pessoas-por-que-a-tecnologia-nunca-vai-substituir-a-lideranca\/","title":{"rendered":"Pessoas: por que a tecnologia nunca vai substituir a lideran\u00e7a"},"content":{"rendered":"\n<div style=\"height:30px\" aria-hidden=\"true\" class=\"wp-block-spacer\"><\/div>\n\n\n\n<p class=\"wp-block-paragraph\"><strong>S\u00c9RIE LIDERAN\u00c7A 360\u00b0 \u00b7 ARTIGO 2 DE 6<\/strong><\/p>\n\n\n\n<p class=\"wp-block-paragraph\"><strong>Pessoas: por que a tecnologia nunca vai substituir a lideran\u00e7a<\/strong><\/p>\n\n\n\n<p class=\"wp-block-paragraph\"><em>Menos hardware, menos software, mais peopleware.<\/em><\/p>\n\n\n\n<p class=\"wp-block-paragraph\">Vivemos a era dos investimentos bilion\u00e1rios em tecnologia. Intelig\u00eancia artificial, automa\u00e7\u00e3o, dados em tempo real. E, ainda assim, as empresas seguem esbarrando numa verdade teimosamente simples.<\/p>\n\n\n\n<p class=\"wp-block-paragraph\">De nada adianta o melhor hardware e o melhor software se o peopleware \u2014 as pessoas por tr\u00e1s da tecnologia \u2014 n\u00e3o estiver engajado com aquilo que a tecnologia entrega.<\/p>\n\n\n\n<p class=\"wp-block-paragraph\">O termo peopleware n\u00e3o \u00e9 meu. Foi cunhado por Tom DeMarco e Timothy Lister, e captura o \u00f3bvio que tanta empresa esquece: num mundo saturado de informa\u00e7\u00e3o, o gargalo nunca \u00e9 o dado. \u00c9 a aten\u00e7\u00e3o, o interesse e o sentido que as pessoas d\u00e3o a ele.<\/p>\n\n\n\n<figure class=\"wp-block-image aligncenter size-full\"><img fetchpriority=\"high\" decoding=\"async\" width=\"869\" height=\"469\" src=\"https:\/\/claudiostarec.com.br\/wp-content\/uploads\/2026\/08\/peopleware-em-tempo-de-ia.webp\" alt=\"\" class=\"wp-image-1132\" srcset=\"https:\/\/claudiostarec.com.br\/wp-content\/uploads\/2026\/08\/peopleware-em-tempo-de-ia.webp 869w, https:\/\/claudiostarec.com.br\/wp-content\/uploads\/2026\/08\/peopleware-em-tempo-de-ia-300x162.webp 300w, https:\/\/claudiostarec.com.br\/wp-content\/uploads\/2026\/08\/peopleware-em-tempo-de-ia-768x414.webp 768w\" sizes=\"(max-width: 869px) 100vw, 869px\" \/><figcaption class=\"wp-element-caption\">Figura: Peopleware em Tempos de IA. Fonte: O Autor<\/figcaption><\/figure>\n\n\n\n<p class=\"wp-block-paragraph\">Repare no padr\u00e3o. Quanto mais avan\u00e7a a tecnologia, mais decisivo \u2014 e n\u00e3o menos \u2014 fica o fator humano. A IA escreve, resume, calcula. O que ela n\u00e3o faz \u00e9 se importar. E lideran\u00e7a, no fim, \u00e9 sobre fazer pessoas se importarem.<\/p>\n\n\n\n<p class=\"wp-block-paragraph\">Certa vez ouvi de um executivo uma frase que nunca esqueci: \u201cse n\u00e3o fizermos o que o cliente quer, quebramos; mas se fizermos tudo o que ele quer, quebramos mais r\u00e1pido ainda\u201d. Vale para o cliente. Vale, igualmente, para as pessoas do time.<\/p>\n\n\n\n<p class=\"wp-block-paragraph\">Liderar pessoas n\u00e3o \u00e9 dizer sim a tudo. Nem distribuir autonomia como quem se livra de um peso. Aprendi, como executivo, duas li\u00e7\u00f5es que carrego at\u00e9 hoje.<\/p>\n\n\n\n<figure class=\"wp-block-image aligncenter size-full\"><img decoding=\"async\" width=\"567\" height=\"318\" src=\"https:\/\/claudiostarec.com.br\/wp-content\/uploads\/2026\/08\/Autonomia-x-Soberania-1.webp\" alt=\"\" class=\"wp-image-1131\" srcset=\"https:\/\/claudiostarec.com.br\/wp-content\/uploads\/2026\/08\/Autonomia-x-Soberania-1.webp 567w, https:\/\/claudiostarec.com.br\/wp-content\/uploads\/2026\/08\/Autonomia-x-Soberania-1-300x168.webp 300w\" sizes=\"(max-width: 567px) 100vw, 567px\" \/><figcaption class=\"wp-element-caption\">Autonomia x Soberania<\/figcaption><\/figure>\n\n\n\n<p class=\"wp-block-paragraph\">A primeira: autonomia n\u00e3o \u00e9 soberania. Dar liberdade n\u00e3o \u00e9 abrir m\u00e3o da dire\u00e7\u00e3o. Um time aut\u00f4nomo sabe decidir no dia a dia, mas continua olhando para a mesma b\u00fassola.<\/p>\n\n\n\n<p class=\"wp-block-paragraph\">A segunda: delegar n\u00e3o \u00e9 descarregar. Quem delega continua respons\u00e1vel pelo resultado. Quem descarrega apenas terceiriza o pr\u00f3prio papel \u2014 e, n\u00e3o raro, chama isso de \u201cempoderamento\u201d.<\/p>\n\n\n\n<figure class=\"wp-block-image aligncenter size-full\"><img decoding=\"async\" width=\"975\" height=\"578\" src=\"https:\/\/claudiostarec.com.br\/wp-content\/uploads\/2026\/08\/Figura-Accountability-x-Desculpability.webp\" alt=\"\" class=\"wp-image-1130\" srcset=\"https:\/\/claudiostarec.com.br\/wp-content\/uploads\/2026\/08\/Figura-Accountability-x-Desculpability.webp 975w, https:\/\/claudiostarec.com.br\/wp-content\/uploads\/2026\/08\/Figura-Accountability-x-Desculpability-300x178.webp 300w, https:\/\/claudiostarec.com.br\/wp-content\/uploads\/2026\/08\/Figura-Accountability-x-Desculpability-768x455.webp 768w\" sizes=\"(max-width: 975px) 100vw, 975px\" \/><figcaption class=\"wp-element-caption\">Figura: Accountability x Desculpability. Fonte: O Autor<\/figcaption><\/figure>\n\n\n\n<p class=\"wp-block-paragraph\">No m\u00e9todo HELIAR\u2122 Lideran\u00e7a 360\u05af, Pessoas \u00e9 a alma da Humaniza\u00e7\u00e3o. \u00c9 colocar gente em primeiro lugar, criando confian\u00e7a e seguran\u00e7a para que cada um entregue o seu melhor. Sem confundir cuidado com permissividade \u2014 porque humanizar n\u00e3o \u00e9 afrouxar, \u00e9 sustentar.<\/p>\n\n\n\n<p class=\"wp-block-paragraph\">E aqui est\u00e1 o ponto que une tudo: a tecnologia amplia o que j\u00e1 existe. Numa cultura de medo, ela amplia o medo. Numa cultura de confian\u00e7a, ela amplia a confian\u00e7a. A ferramenta \u00e9 a mesma; o que muda \u00e9 a m\u00e3o \u2014 e a lideran\u00e7a \u2014 por tr\u00e1s dela.<\/p>\n\n\n\n<p class=\"wp-block-paragraph\">Fica a pergunta deste artigo: as pessoas que trabalham com voc\u00ea se sentem lideradas \u2014 ou apenas administradas?<\/p>\n\n\n\n<p class=\"wp-block-paragraph\">No pr\u00f3ximo artigo da s\u00e9rie, sa\u00edmos do \u201ccom quem\u201d para o \u201co qu\u00ea\u201d. Porque inten\u00e7\u00e3o, sozinha, n\u00e3o paga conta. Vamos falar de Performance \u2014 e de por que credibilidade \u00e9 a \u00fanica moeda que um l\u00edder n\u00e3o pode falsificar.<\/p>\n\n\n\n<p class=\"wp-block-paragraph\">\u2022&nbsp; \u2022&nbsp; \u2022<\/p>\n\n\n\n<div style=\"height:30px\" aria-hidden=\"true\" class=\"wp-block-spacer\"><\/div>\n\n\n\n<p class=\"wp-block-paragraph\"><em>Claudio Starec \u00e9 consultor, mentor de executivos, palestrante e autor. H\u00e1 mais de 35 anos desenvolve l\u00edderes e organiza\u00e7\u00f5es no Brasil e em Portugal, e \u00e9 o criador do m\u00e9todo HELIAR\u2122 de Lideran\u00e7a 360\u00b0. <\/em><a href=\"http:\/\/www.claudiostarec.com.br\/\"><em>www.claudiostarec.com.br<\/em><\/a><\/p>\n","protected":false},"excerpt":{"rendered":"<p>S\u00c9RIE LIDERAN\u00c7A 360\u00b0 \u00b7 ARTIGO 2 DE 6 Pessoas: por que a tecnologia nunca vai substituir a lideran\u00e7a Menos hardware, menos software, mais peopleware. Vivemos a era dos investimentos bilion\u00e1rios em tecnologia. Intelig\u00eancia artificial, automa\u00e7\u00e3o, dados em tempo real. E, ainda assim, as empresas seguem esbarrando numa verdade teimosamente simples. De nada adianta o melhor [&hellip;]<\/p>\n","protected":false},"author":1,"featured_media":1133,"comment_status":"open","ping_status":"open","sticky":false,"template":"","format":"standard","meta":{"footnotes":""},"categories":[1],"tags":[],"class_list":["post-1129","post","type-post","status-publish","format-standard","has-post-thumbnail","hentry","category-blog"],"_links":{"self":[{"href":"https:\/\/claudiostarec.com.br\/index.php\/wp-json\/wp\/v2\/posts\/1129","targetHints":{"allow":["GET"]}}],"collection":[{"href":"https:\/\/claudiostarec.com.br\/index.php\/wp-json\/wp\/v2\/posts"}],"about":[{"href":"https:\/\/claudiostarec.com.br\/index.php\/wp-json\/wp\/v2\/types\/post"}],"author":[{"embeddable":true,"href":"https:\/\/claudiostarec.com.br\/index.php\/wp-json\/wp\/v2\/users\/1"}],"replies":[{"embeddable":true,"href":"https:\/\/claudiostarec.com.br\/index.php\/wp-json\/wp\/v2\/comments?post=1129"}],"version-history":[{"count":1,"href":"https:\/\/claudiostarec.com.br\/index.php\/wp-json\/wp\/v2\/posts\/1129\/revisions"}],"predecessor-version":[{"id":1134,"href":"https:\/\/claudiostarec.com.br\/index.php\/wp-json\/wp\/v2\/posts\/1129\/revisions\/1134"}],"wp:featuredmedia":[{"embeddable":true,"href":"https:\/\/claudiostarec.com.br\/index.php\/wp-json\/wp\/v2\/media\/1133"}],"wp:attachment":[{"href":"https:\/\/claudiostarec.com.br\/index.php\/wp-json\/wp\/v2\/media?parent=1129"}],"wp:term":[{"taxonomy":"category","embeddable":true,"href":"https:\/\/claudiostarec.com.br\/index.php\/wp-json\/wp\/v2\/categories?post=1129"},{"taxonomy":"post_tag","embeddable":true,"href":"https:\/\/claudiostarec.com.br\/index.php\/wp-json\/wp\/v2\/tags?post=1129"}],"curies":[{"name":"wp","href":"https:\/\/api.w.org\/{rel}","templated":true}]}}