{"id":1102,"date":"2026-07-20T11:30:40","date_gmt":"2026-07-20T14:30:40","guid":{"rendered":"https:\/\/claudiostarec.com.br\/?p=1102"},"modified":"2026-08-10T11:34:07","modified_gmt":"2026-08-10T14:34:07","slug":"por-que-um-lider-nunca-passa-duas-vezes-pelo-mesmo-rio","status":"publish","type":"post","link":"https:\/\/claudiostarec.com.br\/index.php\/2026\/07\/20\/por-que-um-lider-nunca-passa-duas-vezes-pelo-mesmo-rio\/","title":{"rendered":"Por que um l\u00edder nunca passa duas vezes pelo mesmo rio?"},"content":{"rendered":"\n<div style=\"height:30px\" aria-hidden=\"true\" class=\"wp-block-spacer\"><\/div>\n\n\n\n<h2 class=\"wp-block-heading\"><strong>S\u00c9RIE LIDERAN\u00c7A 360\u00b0 \u00b7 ARTIGO 5 DE 6 \u00b7 O P DE PERSPECTIVA<\/strong><\/h2>\n\n\n\n<p class=\"wp-block-paragraph\"><em>De Henry Ford ao el\u00e9trico chin\u00eas, todo rei foi destronado por quem leu o futuro primeiro.<\/em><\/p>\n\n\n\n<p class=\"wp-block-paragraph\">1921. Highland Park, Michigan. A cada minuto, um autom\u00f3vel novo desliza para fora da linha de montagem \u2014 todos id\u00eanticos, todos pretos. Henry Ford controla cerca de 60% de todos os carros e caminh\u00f5es dos Estados Unidos. Ele n\u00e3o apenas domina o mercado: ele o inventou. Foi ele quem tirou o autom\u00f3vel das m\u00e3os dos ricos e o colocou na garagem do americano comum, movido por um prop\u00f3sito quase mission\u00e1rio \u2014 tirar os cavalos das estradas. No topo do mundo, Ford resume a sua filosofia numa frase que entraria para a hist\u00f3ria: o cliente pode ter o carro de qualquer cor, desde que seja preto.<\/p>\n\n\n\n<p class=\"wp-block-paragraph\">Guarde essa frase, porque ela \u00e9 o som exato de um imp\u00e9rio come\u00e7ando a ruir. Ford se apaixonou pela pr\u00f3pria f\u00f3rmula. Ofereceu o mesmo carro, quase sem mudan\u00e7as, por quase duas d\u00e9cadas convencido de que o futuro seria s\u00f3 uma continua\u00e7\u00e3o do presente que o fizera rei. Ele tentou entrar duas vezes no mesmo rio. E o rio, como sempre, j\u00e1 havia mudado. Foi o erro mais caro da hist\u00f3ria da ind\u00fastria. E \u00e9 o tema do quarto P da nossa s\u00e9rie.<\/p>\n\n\n\n<p class=\"wp-block-paragraph\">Entregar hoje \u00e9 indispens\u00e1vel \u2014 falamos disso no P de Performance. Mas h\u00e1 algo que separa o l\u00edder do gestor com uma clareza quase cruel: o gestor pergunta \u201ccomo vendo mais do que j\u00e1 vendo?\u201d; o l\u00edder faz a pergunta inc\u00f4moda, a que tira o sono: e se o meu cliente de amanh\u00e3 n\u00e3o quiser aquilo que me faz rico hoje? <strong>Perspectiva \u00e9 isto: a capacidade de ler cen\u00e1rios, enxergar de todos os \u00e2ngulos e, sobretudo, antecipar. <\/strong><em>Ela exige uma disciplina rara: aprender, desaprender e reaprender na velocidade da mudan\u00e7a.<\/em> N\u00e3o \u00e9 saber o que o concorrente faz agora; qualquer relat\u00f3rio mostra. \u00c9 prever o que ele far\u00e1. Quem s\u00f3 reage ao presente j\u00e1 chegou atrasado.<\/p>\n\n\n\n<p class=\"wp-block-paragraph\">E nenhum setor conta essa li\u00e7\u00e3o melhor do que o autom\u00f3vel, uma sucess\u00e3o de reis destronados, cada um por quem enxergou o futuro primeiro. Uma corrida de revezamento em que o bast\u00e3o sempre passa para as m\u00e3os de quem fez, antes dos outros, a pergunta sobre o amanh\u00e3<\/p>\n\n\n\n<figure class=\"wp-block-image aligncenter size-full\"><img fetchpriority=\"high\" decoding=\"async\" width=\"1024\" height=\"559\" src=\"https:\/\/claudiostarec.com.br\/wp-content\/uploads\/2026\/08\/e-quando-nao-fazemos-a-leitura-certa.webp\" alt=\"\" class=\"wp-image-1104\" srcset=\"https:\/\/claudiostarec.com.br\/wp-content\/uploads\/2026\/08\/e-quando-nao-fazemos-a-leitura-certa.webp 1024w, https:\/\/claudiostarec.com.br\/wp-content\/uploads\/2026\/08\/e-quando-nao-fazemos-a-leitura-certa-300x164.webp 300w, https:\/\/claudiostarec.com.br\/wp-content\/uploads\/2026\/08\/e-quando-nao-fazemos-a-leitura-certa-768x419.webp 768w\" sizes=\"(max-width: 1024px) 100vw, 1024px\" \/><figcaption class=\"wp-element-caption\">E quando n\u00e3o fazemos a leitura certa do mercado<\/figcaption><\/figure>\n\n\n\n<p class=\"wp-block-paragraph\">Foi pela brecha aberta por Ford que a General Motors passou. Sob Alfred Sloan, a GM n\u00e3o brigou por pre\u00e7o \u2014 ofereceu justamente o que a Ford recusava: escolha. Cores variadas, uma marca para cada bolso, do Chevrolet ao Cadillac, modelo novo a cada ano, venda a cr\u00e9dito. \u201cUm carro para cada bolso e prop\u00f3sito.\u201d Quando a Ford finalmente reagiu, em 1927, teve de parar a produ\u00e7\u00e3o por meses para lan\u00e7ar o Modelo A. Tarde demais. A GM assumiu a lideran\u00e7a e a segurou por 77 anos.<\/p>\n\n\n\n<p class=\"wp-block-paragraph\">At\u00e9 que algu\u00e9m fez a mesma pergunta de novo. Nos anos 1970 e 1980, enquanto Detroit deixava a qualidade escorregar, uma japonesa crescia com outra perspectiva: produ\u00e7\u00e3o enxuta, obsess\u00e3o por qualidade, carros econ\u00f4micos num mundo sacudido pelos choques do petr\u00f3leo. O Sistema Toyota de Produ\u00e7\u00e3o virou objeto de estudo no planeta inteiro. Em 2008, a Toyota destronou a GM e encerrou aqueles 77 anos de reinado.<\/p>\n\n\n\n<p class=\"wp-block-paragraph\">E a roda girou outra vez. Em 2020, uma empresa que mal completava duas d\u00e9cadas e fabricava uma fra\u00e7\u00e3o do que a Toyota produzia tornou-se a montadora mais valiosa do planeta: a Tesla. N\u00e3o pelo volume, naquele momento a Toyota fazia mais de vinte carros para cada Tesla, mas porque o mercado apostou na perspectiva, n\u00e3o no presente. O futuro era el\u00e9trico. E a Toyota, que liderara a era dos h\u00edbridos, chegou atrasada ao carro 100% el\u00e9trico.<\/p>\n\n\n\n<p class=\"wp-block-paragraph\">E, como manda a regra deste P, a pr\u00f3pria Tesla j\u00e1 foi alcan\u00e7ada. A chinesa BYD , el\u00e9tricos mais baratos, baterias de recarga ultrarr\u00e1pida, uma linha que vai do popular ao sofisticado, superou a Tesla em receita anual j\u00e1 em 2024 (US$ 107 bilh\u00f5es contra US$ 97,7 bilh\u00f5es) e, em 2025, tornou-se pela primeira vez a maior vendedora de el\u00e9tricos do mundo no ano inteiro, com mais de 2,25 milh\u00f5es de unidades. O trono trocou de dono outra vez.<\/p>\n\n\n\n<p class=\"wp-block-paragraph\">Mas repare no detalhe que fecha a li\u00e7\u00e3o com chave de ouro: em 2025, o lucro da pr\u00f3pria BYD caiu \u2014 a primeira retra\u00e7\u00e3o anual desde 2021 \u2014, esmagado por uma guerra de pre\u00e7os entre mais de duzentas marcas chinesas. Ou seja: a roda j\u00e1 est\u00e1 girando contra quem acabou de vencer. Ford, GM, Toyota, Tesla, BYD. Nenhuma perdeu a lideran\u00e7a por falta de tamanho, de dinheiro ou de compet\u00eancia t\u00e9cnica. Perdeu para quem fez, primeiro, a pergunta sobre o amanh\u00e3. E ningu\u00e9m, jamais, garante a pr\u00f3xima volta.<\/p>\n\n\n\n<figure class=\"wp-block-image size-full\"><img decoding=\"async\" width=\"1017\" height=\"498\" src=\"https:\/\/claudiostarec.com.br\/wp-content\/uploads\/2026\/08\/a-corrida-de-quem-enxerga-o-futuro-primeiro.webp\" alt=\"\" class=\"wp-image-1103\" srcset=\"https:\/\/claudiostarec.com.br\/wp-content\/uploads\/2026\/08\/a-corrida-de-quem-enxerga-o-futuro-primeiro.webp 1017w, https:\/\/claudiostarec.com.br\/wp-content\/uploads\/2026\/08\/a-corrida-de-quem-enxerga-o-futuro-primeiro-300x147.webp 300w, https:\/\/claudiostarec.com.br\/wp-content\/uploads\/2026\/08\/a-corrida-de-quem-enxerga-o-futuro-primeiro-768x376.webp 768w\" sizes=\"(max-width: 1017px) 100vw, 1017px\" \/><figcaption class=\"wp-element-caption\">N\u00e3o Existe Resposta Certa para Pergunta Errada ou quando Decidimos n\u00e3o Perguntar.<\/figcaption><\/figure>\n\n\n\n<p class=\"wp-block-paragraph\">Se h\u00e1 um jeito de n\u00e3o virar cap\u00edtulo de livro de hist\u00f3ria, \u00e9 o oposto da arrog\u00e2ncia de Ford: testar a pr\u00f3pria obsolesc\u00eancia antes que o mercado a teste por voc\u00ea. Em 2014, no auge da marca, o McDonald\u2019s abriu em Sydney uma loja sem o arco dourado na fachada. Chamava-se The Corner, servia comida natural e saud\u00e1vel e funcionava como um laborat\u00f3rio do futuro \u2014 um espa\u00e7o para, longe da pr\u00f3pria marca, descobrir o que o cliente vai querer quando se cansar do hamb\u00farguer. O experimento n\u00e3o virou rede e foi encerrado em 2020. E ainda assim n\u00e3o fracassou: v\u00e1rios dos seus aprendizados migraram para outras opera\u00e7\u00f5es da rede. Isso \u00e9 Perspectiva em a\u00e7\u00e3o. Antecipar n\u00e3o \u00e9 obsess\u00e3o de futur\u00f3logo; \u00e9 higiene de lideran\u00e7a.<\/p>\n\n\n\n<p class=\"wp-block-paragraph\">Eu sei o peso dessa pergunta porque um dia ela me obrigou a queimar a minha pr\u00f3pria f\u00f3rmula. Antes da educa\u00e7\u00e3o, fui rep\u00f3rter de televis\u00e3o por mais de dez anos. Passei pela Rede Manchete, pelo SBT, pela CNT, viajei o Brasil e a Europa cobrindo reportagem, e cheguei \u00e0 TV Bandeirantes como rep\u00f3rter especial na equipe de Paulo Henrique Amorim. Tinha nome, tinha contrato, tinha um bom sal\u00e1rio. Tinha, aparentemente, tudo o que um jornalista queria.<\/p>\n\n\n\n<p class=\"wp-block-paragraph\">Foi ent\u00e3o que a minha chefe de reportagem me pediu um \u201cpovo fala\u201d, parar gente na rua para dizer qual era a sua bronca. Achei que aquilo n\u00e3o tinha fundamento jornal\u00edstico e, pela primeira vez na carreira, me recusei. Ela foi direta: ou eu fazia, ou seria demitido. Escolhi sair. Costumo dizer que naquele dia n\u00e3o fui demitido \u2014 eu demiti a empresa. Sa\u00ed de cabe\u00e7a erguida e de barriga gelada, era um frio danado. Enquanto atravessava a porta da reda\u00e7\u00e3o, uma pergunta me martelava: e agora, como vou me sustentar, como vou me reerguer? N\u00e3o era orgulho ferido; era princ\u00edpio. Eu tinha decidido que n\u00e3o faria nada que n\u00e3o fizesse sentido para mim&nbsp; e aquela reportagem, simplesmente, n\u00e3o fazia mais.<\/p>\n\n\n\n<p class=\"wp-block-paragraph\">Mas, quando a poeira baixou, o que eu sentia n\u00e3o era orgulho: era um pressentimento inc\u00f4modo, quase f\u00edsico. O meu mercado estava mudando debaixo dos meus p\u00e9s, e eu era um dos poucos que parecia ouvir o barulho.<\/p>\n\n\n\n<p class=\"wp-block-paragraph\">Eu entrava \u00e0s oito da manh\u00e3 e s\u00f3 sa\u00eda depois de o telejornal ir ao ar, \u00e0s oito da noite. Feriados, Natal, r\u00e9veillon, sempre na reda\u00e7\u00e3o. E, ao meu lado, chegava uma garotada talentosa e disposta a fazer tudo aquilo por muito menos. Fiz as contas do futuro, n\u00e3o do presente \u2014 e o presente ainda era confort\u00e1vel, o que torna esse tipo de conta ainda mais dif\u00edcil de encarar. A conclus\u00e3o foi dura: n\u00f3s n\u00e3o t\u00ednhamos a menor chance de vencer aquela competi\u00e7\u00e3o. O jornalismo entraria no que hoje chamamos de junioriza\u00e7\u00e3o. Muitos colegas brilhantes que n\u00e3o enxergaram essa curva a tempo terminaram desempregados.<\/p>\n\n\n\n<p class=\"wp-block-paragraph\">Foi a\u00ed que decidi migrar para a educa\u00e7\u00e3o e acabei me viciando nessa nova cacha\u00e7a, que carrego at\u00e9 hoje. N\u00e3o foi uma decis\u00e3o f\u00e1cil; foi uma decis\u00e3o necess\u00e1ria. Com nome feito num mercado, tive que recome\u00e7ar do zero num terreno que eu mal conhecia \u2014 trocar a seguran\u00e7a do que dominava pela incerteza do que ainda ia aprender. Doeu. Mas recome\u00e7ar n\u00e3o me enfraqueceu: me deu mais for\u00e7a ainda, porque quem escolhe recome\u00e7ar j\u00e1 provou a si mesmo que n\u00e3o tem medo do desconhecido. N\u00e3o sa\u00ed do jornalismo porque fracassei nele; sa\u00ed porque li, antes que doesse, para onde o rio estava correndo. E \u00e9 essa a diferen\u00e7a entre nadar com a corrente do amanh\u00e3 ou se afogar na do ontem. Fica registrada mais uma M\u00e1xima do Starec: quando tudo vai bem \u00e9 a hora mais perigosa, porque o sucesso de hoje \u00e9 o anest\u00e9sico que impede o l\u00edder de sentir a dor do amanh\u00e3.<\/p>\n\n\n\n<p class=\"wp-block-paragraph\">No m\u00e9todo HELIAR\u2122 de Lideran\u00e7a 360\u00b0, aquela disciplina rara que mencionei l\u00e1 no in\u00edcio tem nome: Learning Agility. \u00c9 a express\u00e3o m\u00e1xima da Perspectiva, a coragem de aprender, desaprender e se reinventar na velocidade da mudan\u00e7a, para seguir relevante quando o cen\u00e1rio vira. Ford n\u00e3o perdeu por falta de intelig\u00eancia. Perdeu porque parou de desaprender.<\/p>\n\n\n\n<p class=\"wp-block-paragraph\">H\u00e1 dois mil e quinhentos anos, Her\u00e1clito de \u00c9feso deixou escrita a lei que rege este P: nenhum homem entra duas vezes no mesmo rio \u2014 porque, na segunda vez, nem o rio nem o homem ser\u00e3o os mesmos. \u00c9 a senten\u00e7a mais exata j\u00e1 dita sobre lideran\u00e7a. Ford tentou entrar duas vezes no mesmo rio, oferecendo o mesmo carro a um mundo que j\u00e1 havia mudado, e foi tragado pela correnteza. A GM, a Toyota, a Tesla, a BYD, cada uma, no seu tempo, esqueceu que a \u00e1gua nunca para. Esse \u00e9 o erro que se repete h\u00e1 um s\u00e9culo: confundir o rio de ontem com o de hoje.<\/p>\n\n\n\n<p class=\"wp-block-paragraph\">Mas repare na outra metade da frase do grego, a que quase ningu\u00e9m cita: n\u00e3o \u00e9 s\u00f3 o rio que muda \u2014 o homem tamb\u00e9m. E aqui est\u00e1 a boa not\u00edcia que o pessimismo esconde. Se a mudan\u00e7a \u00e9 inevit\u00e1vel, ent\u00e3o a cada travessia voc\u00ea tem a chance de chegar \u00e0 outra margem diferente, mais forte, mais preparado. O l\u00edder que teme o rio se agarra \u00e0 pedra e afunda. O que entende Her\u00e1clito aprende a nadar e descobre que foi a pr\u00f3pria corrente que o tornou mais forte. Foi o que senti quando troquei a reda\u00e7\u00e3o pela sala de aula: n\u00e3o atravessei o mesmo homem que entrou.<\/p>\n\n\n\n<p class=\"wp-block-paragraph\">Fica, ent\u00e3o, a pergunta que arde: voc\u00ea est\u00e1 tentando entrar duas vezes no mesmo rio \u2014 repetindo a f\u00f3rmula que o fez vencer ontem \u2014 ou j\u00e1 teve a coragem de mergulhar nas \u00e1guas novas do amanh\u00e3? Porque o rio n\u00e3o vai esperar. Ele nunca esperou por Ford. N\u00e3o vai esperar por voc\u00ea.<\/p>\n\n\n\n<p class=\"wp-block-paragraph\">No pr\u00f3ximo e \u00faltimo artigo da s\u00e9rie, fechamos o c\u00edrculo com o P que costura todos os outros: o Posicionamento. Porque, depois de aprender a ler o futuro, resta a pergunta que decide tudo, quem, afinal, o mundo percebe que voc\u00ea \u00e9? Voc\u00ea n\u00e3o \u00e9 quem pensa que \u00e9. Voc\u00ea \u00e9 quem os outros percebem que voc\u00ea \u00e9. At\u00e9 l\u00e1.<\/p>\n\n\n\n<div style=\"height:30px\" aria-hidden=\"true\" class=\"wp-block-spacer\"><\/div>\n\n\n\n<p class=\"wp-block-paragraph\">\u2022 \u2022 \u2022<\/p>\n\n\n\n<p class=\"wp-block-paragraph\"><em>Claudio Starec \u00e9 consultor, mentor de executivos, palestrante e autor. H\u00e1 mais de 35 anos desenvolve l\u00edderes e organiza\u00e7\u00f5es no Brasil e em Portugal, e \u00e9 o criador do m\u00e9todo HELIAR\u2122 de Lideran\u00e7a 360\u00b0. <\/em><a href=\"http:\/\/www.claudiostarec.com.br\/\"><em>www.claudiostarec.com.br<\/em><\/a><\/p>\n\n\n\n<p class=\"wp-block-paragraph\"><\/p>\n","protected":false},"excerpt":{"rendered":"<p>S\u00c9RIE LIDERAN\u00c7A 360\u00b0 \u00b7 ARTIGO 5 DE 6 \u00b7 O P DE PERSPECTIVA De Henry Ford ao el\u00e9trico chin\u00eas, todo rei foi destronado por quem leu o futuro primeiro. 1921. Highland Park, Michigan. A cada minuto, um autom\u00f3vel novo desliza para fora da linha de montagem \u2014 todos id\u00eanticos, todos pretos. Henry Ford controla cerca [&hellip;]<\/p>\n","protected":false},"author":1,"featured_media":1104,"comment_status":"open","ping_status":"open","sticky":false,"template":"","format":"standard","meta":{"footnotes":""},"categories":[1],"tags":[],"class_list":["post-1102","post","type-post","status-publish","format-standard","has-post-thumbnail","hentry","category-blog"],"_links":{"self":[{"href":"https:\/\/claudiostarec.com.br\/index.php\/wp-json\/wp\/v2\/posts\/1102","targetHints":{"allow":["GET"]}}],"collection":[{"href":"https:\/\/claudiostarec.com.br\/index.php\/wp-json\/wp\/v2\/posts"}],"about":[{"href":"https:\/\/claudiostarec.com.br\/index.php\/wp-json\/wp\/v2\/types\/post"}],"author":[{"embeddable":true,"href":"https:\/\/claudiostarec.com.br\/index.php\/wp-json\/wp\/v2\/users\/1"}],"replies":[{"embeddable":true,"href":"https:\/\/claudiostarec.com.br\/index.php\/wp-json\/wp\/v2\/comments?post=1102"}],"version-history":[{"count":1,"href":"https:\/\/claudiostarec.com.br\/index.php\/wp-json\/wp\/v2\/posts\/1102\/revisions"}],"predecessor-version":[{"id":1105,"href":"https:\/\/claudiostarec.com.br\/index.php\/wp-json\/wp\/v2\/posts\/1102\/revisions\/1105"}],"wp:featuredmedia":[{"embeddable":true,"href":"https:\/\/claudiostarec.com.br\/index.php\/wp-json\/wp\/v2\/media\/1104"}],"wp:attachment":[{"href":"https:\/\/claudiostarec.com.br\/index.php\/wp-json\/wp\/v2\/media?parent=1102"}],"wp:term":[{"taxonomy":"category","embeddable":true,"href":"https:\/\/claudiostarec.com.br\/index.php\/wp-json\/wp\/v2\/categories?post=1102"},{"taxonomy":"post_tag","embeddable":true,"href":"https:\/\/claudiostarec.com.br\/index.php\/wp-json\/wp\/v2\/tags?post=1102"}],"curies":[{"name":"wp","href":"https:\/\/api.w.org\/{rel}","templated":true}]}}