{"id":1036,"date":"2026-08-03T09:30:01","date_gmt":"2026-08-03T12:30:01","guid":{"rendered":"https:\/\/claudiostarec.com.br\/?p=1036"},"modified":"2026-08-10T09:46:45","modified_gmt":"2026-08-10T12:46:45","slug":"o-problema-nao-e-comecar-e-terminar-a-coisa-certa","status":"publish","type":"post","link":"https:\/\/claudiostarec.com.br\/index.php\/2026\/08\/03\/o-problema-nao-e-comecar-e-terminar-a-coisa-certa\/","title":{"rendered":"O problema n\u00e3o \u00e9 come\u00e7ar. \u00c9 terminar a coisa certa."},"content":{"rendered":"\n<div style=\"height:30px\" aria-hidden=\"true\" class=\"wp-block-spacer\"><\/div>\n\n\n\n<p class=\"wp-block-paragraph\">A ilus\u00e3o da produtividade: terminar n\u00e3o significa concluir. <em>As 4 Armadilhas da Acabativa, e o m\u00e9todo para transformar esfor\u00e7o em valor.<\/em><\/p>\n\n\n\n<h2 class=\"wp-block-heading\"><strong>Por que a acabativa precisa de m\u00e9todo, e n\u00e3o de mais boa vontade<\/strong><\/h2>\n\n\n\n<p class=\"wp-block-paragraph\">Eu tinha acabado de chegar ao Senac Rio quando precisei lan\u00e7ar a campanha de p\u00f3s-gradua\u00e7\u00e3o. N\u00e3o era o momento ideal, e eu sabia disso. T\u00ednhamos poucos cursos completos, nenhum posicionamento claro, um l\u00edder rec\u00e9m-chegado, que era eu, e uma equipe com pouca experi\u00eancia em p\u00f3s. Faltava tudo o que um bom lan\u00e7amento pede. S\u00f3 n\u00e3o faltava prazo. A campanha tinha que sair, e saiu.<\/p>\n\n\n\n<p class=\"wp-block-paragraph\">Foi um fracasso. Abrimos uma \u00fanica turma. E, sendo honesto, ela s\u00f3 existiu porque puxei para l\u00e1 v\u00e1rios alunos que j\u00e1 tinham sido meus em outras institui\u00e7\u00f5es, e porque, por ser conhecido na \u00e1rea, eu tinha acabado de publicar um livro. Ou seja, o que abriu a turma n\u00e3o foi a campanha. Fui eu, na ra\u00e7a, cobrindo o buraco de um projeto que nasceu sem ch\u00e3o.<\/p>\n\n\n\n<p class=\"wp-block-paragraph\">Guardei aquele epis\u00f3dio por anos como um exemplo de execu\u00e7\u00e3o apressada. S\u00f3 muito depois entendi que o problema n\u00e3o era a pressa. N\u00f3s entregamos a campanha. Ela foi conclu\u00edda, publicada, veiculada. O que faltou n\u00e3o foi terminar. Foi terminar a coisa certa.<\/p>\n\n\n\n<p class=\"wp-block-paragraph\">Essa distin\u00e7\u00e3o mudou o meu jeito de pensar entregas, e \u00e9 sobre ela que quero conversar aqui.<\/p>\n\n\n\n<h2 class=\"wp-block-heading\"><strong>A virtude sem glamour<\/strong><\/h2>\n\n\n\n<p class=\"wp-block-paragraph\">H\u00e1 uma palavra que uso h\u00e1 anos, e fa\u00e7o sempre quest\u00e3o de dizer que n\u00e3o \u00e9 inven\u00e7\u00e3o minha. Ouvi em ch\u00e3o de treinamento, dessas express\u00f5es que circulam entre consultores sem dono nem certid\u00e3o, e adotei porque nenhuma outra dizia melhor. A palavra \u00e9 acabativa.<\/p>\n\n\n\n<p class=\"wp-block-paragraph\">Iniciativa \u00e9 o que todo curr\u00edculo reivindica e toda entrevista elogia. \u00c9 a energia do come\u00e7o, o brilho da ideia nova, a reuni\u00e3o de lan\u00e7amento. Acabativa \u00e9 a virtude sem plateia de terminar. De transformar inten\u00e7\u00e3o em entrega, plano em ato, comit\u00ea em decis\u00e3o com nome e data. Ningu\u00e9m organiza festa para comemorar projeto encerrado. As comemora\u00e7\u00f5es s\u00e3o todas de largada.<\/p>\n\n\n\n<p class=\"wp-block-paragraph\">Mas terminar, eu descobri, \u00e9 apenas metade da compet\u00eancia. A outra metade \u00e9 terminar a coisa certa, no tempo certo, com valor real e com um aprendizado que sobreviva ao projeto. E \u00e9 a\u00ed que a maioria das entregas trope\u00e7a. Ao longo dos anos, mapeei quatro maneiras de a conclus\u00e3o falhar, quatro ciladas que se repetem em toda organiza\u00e7\u00e3o. Chamo-as de as 4 Armadilhas da Acabativa. A for\u00e7a delas est\u00e1 no disfarce: nenhuma se parece com um erro no momento em que se cai. Todas parecem zelo, prud\u00eancia ou simples rotina.<\/p>\n\n\n\n<figure class=\"wp-block-image aligncenter size-large\"><img fetchpriority=\"high\" decoding=\"async\" width=\"1024\" height=\"820\" src=\"https:\/\/claudiostarec.com.br\/wp-content\/uploads\/2026\/08\/o-projeto-eterno-claudio-starec-1024x820.webp\" alt=\"\" class=\"wp-image-1041\" srcset=\"https:\/\/claudiostarec.com.br\/wp-content\/uploads\/2026\/08\/o-projeto-eterno-claudio-starec-1024x820.webp 1024w, https:\/\/claudiostarec.com.br\/wp-content\/uploads\/2026\/08\/o-projeto-eterno-claudio-starec-300x240.webp 300w, https:\/\/claudiostarec.com.br\/wp-content\/uploads\/2026\/08\/o-projeto-eterno-claudio-starec-768x615.webp 768w, https:\/\/claudiostarec.com.br\/wp-content\/uploads\/2026\/08\/o-projeto-eterno-claudio-starec.webp 1249w\" sizes=\"(max-width: 1024px) 100vw, 1024px\" \/><figcaption class=\"wp-element-caption\">O Projeto &#8220;Eterno&#8221;<\/figcaption><\/figure>\n\n\n\n<h2 class=\"wp-block-heading\"><strong>Primeira armadilha: o projeto que n\u00e3o termina<\/strong><\/h2>\n\n\n\n<p class=\"wp-block-paragraph\">A mais \u00f3bvia \u00e9 o projeto que simplesmente n\u00e3o chega ao fim. Ele n\u00e3o fracassa num desastre, o que seria at\u00e9 mais honesto. Ele vai ficando para tr\u00e1s, engolido por outras prioridades, adiado para o m\u00eas seguinte, preso na confort\u00e1vel fase de ajustes finais.<\/p>\n\n\n\n<p class=\"wp-block-paragraph\">Os n\u00fameros do Project Management Institute s\u00e3o um tapa. Em m\u00e9dia, apenas 29% dos projetos terminam no prazo e dentro do or\u00e7amento. As tr\u00eas causas mais citadas de fracasso s\u00e3o conhecidas e teimosas: mudan\u00e7a nas prioridades da organiza\u00e7\u00e3o, mudan\u00e7a nos objetivos do projeto e requisitos mal levantados. Ou seja, o projeto morre menos por incompet\u00eancia t\u00e9cnica e mais por falta de clareza e de foco. O PMI chegou a traduzir o desperd\u00edcio numa imagem que n\u00e3o sai da cabe\u00e7a: cerca de um milh\u00e3o de d\u00f3lares evaporam a cada vinte segundos, no mundo todo, por m\u00e1 implementa\u00e7\u00e3o de estrat\u00e9gia atrav\u00e9s de projetos malconduzidos.<\/p>\n\n\n\n<p class=\"wp-block-paragraph\">A minha campanha de p\u00f3s entrou por essa porta. Pressa para lan\u00e7ar, havia. Posicionamento para vencer, nenhum. Terminou, e n\u00e3o valeu.<\/p>\n\n\n\n<h2 class=\"wp-block-heading\"><strong>Segunda armadilha: o projeto que nasce obsoleto<\/strong><\/h2>\n\n\n\n<p class=\"wp-block-paragraph\">A segunda armadilha \u00e9 mais cruel, porque disfar\u00e7ada de compet\u00eancia. \u00c9 o projeto que fica pronto, muitas vezes bem-feito, e mesmo assim j\u00e1 nasce velho. Ou porque demorou tanto que o mundo mudou no caminho, ou porque foi constru\u00eddo com a r\u00e9gua de ontem para um amanh\u00e3 que ningu\u00e9m quis enxergar. Nos dois casos, entregou-se com capricho a coisa errada.<\/p>\n\n\n\n<p class=\"wp-block-paragraph\">O pr\u00f3prio PMI captou essa armadilha numa frase de um gestor entrevistado: entre o momento em que um requisito \u00e9 definido e a primeira entrega, a tecnologia avan\u00e7a tanto que partes dele j\u00e1 nascem velhas. Mas o retrato mais atual dessa cegueira n\u00e3o vem de um manual de projetos. Vem da Intel.<\/p>\n\n\n\n<p class=\"wp-block-paragraph\">Poucas empresas dominaram um mercado como a Intel dominou o dos processadores, e poucas erraram a curva do futuro com tanta clareza, n\u00e3o uma, mas duas vezes. Em 2007, a Apple procurou a Intel para fabricar o chip do primeiro iPhone, e o presidente da empresa recusou: as contas n\u00e3o fechavam. Anos depois, ele resumiu a decis\u00e3o numa frase que deveria estar pregada na parede de todo comit\u00ea: eu n\u00e3o conseguia enxergar. O volume foi cem vezes maior do que qualquer um imaginou. A Intel decidiu pela planilha e perdeu a era do celular.<\/p>\n\n\n\n<p class=\"wp-block-paragraph\">O roteiro se repetiu com a intelig\u00eancia artificial. Enquanto a Nvidia apostava que suas placas gr\u00e1ficas seriam o motor da nova computa\u00e7\u00e3o, a Intel as tratava como brinquedo de gamer. Em novembro de 2024, a Intel foi retirada do \u00edndice Dow Jones depois de mais de vinte e cinco anos, e o nome que entrou em seu lugar foi, ironia quase cruel, o da pr\u00f3pria Nvidia. Em 2025, a antiga rival virou salva-vidas, com um aporte bilion\u00e1rio na empresa que um dia a menosprezou. A r\u00e9gua estava certa para o mundo de ontem. O problema \u00e9 que projeto, produto e estrat\u00e9gia se entregam para o mundo de amanh\u00e3.<\/p>\n\n\n\n<p class=\"wp-block-paragraph\">Foi contra exatamente esse mal que nasceu, em 2001, o movimento por tr\u00e1s dos m\u00e9todos \u00e1geis. A l\u00f3gica \u00e1gil \u00e9 uma declara\u00e7\u00e3o de guerra tanto \u00e0 perfei\u00e7\u00e3o adiada quanto \u00e0 aposta cega: entregue pouco, entregue logo, exponha o produto ao mundo real e deixe que a realidade, n\u00e3o a planilha, corrija a rota no ciclo seguinte. O erro da Intel n\u00e3o foi ter dados. Foi confiar que os dados de ontem descreviam o amanh\u00e3. Acabativa, aqui, n\u00e3o \u00e9 lentid\u00e3o caprichada nem f\u00e9 numa \u00fanica vis\u00e3o. \u00c9 agir r\u00e1pido e certeiro, testar contra o mundo e ter a humildade de mudar antes que o mundo mude sem voc\u00ea. Porque terminar tarde, ou terminar a coisa errada com esmero, s\u00e3o as duas faces de n\u00e3o terminar.<\/p>\n\n\n\n<h2 class=\"wp-block-heading\"><strong>Uma ressalva: nem toda espera \u00e9 uma armadilha<\/strong><\/h2>\n\n\n\n<p class=\"wp-block-paragraph\">Aqui preciso me defender de um mal-entendido. Ao condenar a demora, n\u00e3o estou fazendo apologia da pressa. A segunda armadilha n\u00e3o pune o tempo longo, pune o tempo longo pelo motivo errado: o perfeccionismo que n\u00e3o decide, o medo que adia, a r\u00e9gua velha que insiste. Existe uma lentid\u00e3o que \u00e9 v\u00edcio. E existe outra que \u00e9 a pr\u00f3pria natureza do valor.<\/p>\n\n\n\n<p class=\"wp-block-paragraph\">No fim de 2025, o Rio de Janeiro parou para ver uma palmeira florescer. No Aterro do Flamengo e no Jardim Bot\u00e2nico, exemplares da palmeira talipot abriram, pela primeira e \u00fanica vez, a maior flora\u00e7\u00e3o do reino vegetal. Tinham sido plantados por Roberto Burle Marx nos anos 1960 e levaram cerca de meio s\u00e9culo para florescer. Burle Marx, morto em 1994, n\u00e3o viveu para ver. Ningu\u00e9m acusaria aquela palmeira de estar atrasada. Ela n\u00e3o estava demorando, estava amadurecendo. Cada d\u00e9cada silenciosa era parte da obra, n\u00e3o um adiamento dela.<\/p>\n\n\n\n<p class=\"wp-block-paragraph\">As li\u00e7\u00f5es mais antigas j\u00e1 viraram par\u00e1bola. No Talmude, um homem planta uma alfarrobeira que s\u00f3 d\u00e1 frutos em setenta anos. Perguntam por que se d\u00e1 ao trabalho, se n\u00e3o viver\u00e1 para colher. Ele responde que encontrou o mundo cheio de alfarrobeiras plantadas por quem veio antes, e que planta agora para quem vir\u00e1 depois. Alguns projetos se concluem em outra gera\u00e7\u00e3o, e ainda assim s\u00e3o conclu\u00eddos com excel\u00eancia. A Sagrada Fam\u00edlia \u00e9 o exemplo vivo. Come\u00e7ou em 1882, e Antoni Gaud\u00ed morreu em 1926 tendo visto talvez quinze por cento da obra. Ele sabia que n\u00e3o a veria pronta, e dizia, sem se abalar, que o seu cliente n\u00e3o tinha pressa, referindo-se a Deus. Em fevereiro de 2026, cento e quarenta e quatro anos depois da primeira pedra e no ano do centen\u00e1rio da morte de Gaud\u00ed, a bas\u00edlica alcan\u00e7ou enfim a sua silhueta completa, ainda que detalhes sigam em obra. N\u00e3o \u00e9 um projeto atrasado. \u00c9 um projeto no tempo dele.<\/p>\n\n\n\n<p class=\"wp-block-paragraph\">A acabativa, ent\u00e3o, n\u00e3o \u00e9 a arte de terminar r\u00e1pido. \u00c9 a arte de terminar no tempo certo, e o tempo certo de um aplicativo n\u00e3o \u00e9 o de uma catedral, nem o de uma palmeira. A pergunta que separa a virtude do v\u00edcio \u00e9 simples: este projeto demora porque o valor exige tempo, ou porque me faltou coragem de conclu\u00ed-lo? Quase sempre, \u00e9 bom admitir, a resposta \u00e9 a segunda. A sua pr\u00f3xima entrega provavelmente n\u00e3o \u00e9 uma Sagrada Fam\u00edlia. Mas vale conhecer a diferen\u00e7a, para n\u00e3o confundir covardia com paci\u00eancia.<\/p>\n\n\n\n<figure class=\"wp-block-image aligncenter size-large\"><img decoding=\"async\" width=\"1024\" height=\"683\" src=\"https:\/\/claudiostarec.com.br\/wp-content\/uploads\/2026\/08\/favor-nao-mexer-artigo-claudio-starec-1024x683.webp\" alt=\"\" class=\"wp-image-1040\" srcset=\"https:\/\/claudiostarec.com.br\/wp-content\/uploads\/2026\/08\/favor-nao-mexer-artigo-claudio-starec-1024x683.webp 1024w, https:\/\/claudiostarec.com.br\/wp-content\/uploads\/2026\/08\/favor-nao-mexer-artigo-claudio-starec-300x200.webp 300w, https:\/\/claudiostarec.com.br\/wp-content\/uploads\/2026\/08\/favor-nao-mexer-artigo-claudio-starec-768x512.webp 768w, https:\/\/claudiostarec.com.br\/wp-content\/uploads\/2026\/08\/favor-nao-mexer-artigo-claudio-starec.webp 1488w\" sizes=\"(max-width: 1024px) 100vw, 1024px\" \/><figcaption class=\"wp-element-caption\">Favor N\u00e3o Mexer!<\/figcaption><\/figure>\n\n\n\n<h2 class=\"wp-block-heading\"><strong>Terceira armadilha: o projeto que ningu\u00e9m quer tocar<\/strong><\/h2>\n\n\n\n<p class=\"wp-block-paragraph\">A terceira armadilha \u00e9 a mais silenciosa, e a mais t\u00edpica do nosso tempo. \u00c9 o projeto tecnicamente vivo, mas humanamente abandonado. Est\u00e1 no cronograma, mas n\u00e3o est\u00e1 no cora\u00e7\u00e3o de ningu\u00e9m.<\/p>\n\n\n\n<p class=\"wp-block-paragraph\">N\u00e3o existe acabativa sem gente. Um projeto sem dono emocional pode ter o melhor plano do mundo e ainda assim apodrecer no meio do caminho, porque conclus\u00e3o exige energia, e energia vem de prop\u00f3sito. Parece \u00f3bvio, at\u00e9 voc\u00ea olhar o tamanho do rombo.<\/p>\n\n\n\n<p class=\"wp-block-paragraph\">Os dados mais recentes da Gallup s\u00e3o para acender o alerta. O engajamento no trabalho caiu para 20% em 2025, o menor n\u00edvel desde 2020, e a conta dessa apatia chega a dez trilh\u00f5es de d\u00f3lares em produtividade perdida, cerca de 9% do PIB global. O detalhe que mais me preocupa \u00e9 onde a apatia d\u00f3i mais: nos gestores. O engajamento das lideran\u00e7as despencou de 27% para 22% em um ano. E como a pr\u00f3pria Gallup mostra que o gestor responde por 70% da varia\u00e7\u00e3o no engajamento da equipe, temos o pior dos cen\u00e1rios. A ponta da lideran\u00e7a, que deveria puxar a acabativa do time, \u00e9 justamente a que est\u00e1 mais desligada da tomada.<\/p>\n\n\n\n<figure class=\"wp-block-image aligncenter size-large\"><img decoding=\"async\" width=\"1024\" height=\"683\" src=\"https:\/\/claudiostarec.com.br\/wp-content\/uploads\/2026\/08\/amnesia-de-projeto-claudio-starec-1024x683.webp\" alt=\"\" class=\"wp-image-1039\" srcset=\"https:\/\/claudiostarec.com.br\/wp-content\/uploads\/2026\/08\/amnesia-de-projeto-claudio-starec-1024x683.webp 1024w, https:\/\/claudiostarec.com.br\/wp-content\/uploads\/2026\/08\/amnesia-de-projeto-claudio-starec-300x200.webp 300w, https:\/\/claudiostarec.com.br\/wp-content\/uploads\/2026\/08\/amnesia-de-projeto-claudio-starec-768x512.webp 768w, https:\/\/claudiostarec.com.br\/wp-content\/uploads\/2026\/08\/amnesia-de-projeto-claudio-starec.webp 1488w\" sizes=\"(max-width: 1024px) 100vw, 1024px\" \/><figcaption class=\"wp-element-caption\">Amn\u00e9sia de projeto<\/figcaption><\/figure>\n\n\n\n<h2 class=\"wp-block-heading\"><strong>Quarta armadilha: o projeto que termina e n\u00e3o deixa heran\u00e7a<\/strong><\/h2>\n\n\n\n<p class=\"wp-block-paragraph\">H\u00e1, por fim, uma armadilha que s\u00f3 aparece depois do sucesso, e por isso \u00e9 a mais trai\u00e7oeira de todas. \u00c9 o projeto que termina bem, gera valor, \u00e9 comemorado, e mesmo assim se perde. N\u00e3o o resultado, que ficou. Mas o aprendizado, que evaporou. A equipe se desfaz, o l\u00edder muda de \u00e1rea, a experi\u00eancia vai embora com as pessoas, e no ciclo seguinte a organiza\u00e7\u00e3o come\u00e7a do zero e trope\u00e7a exatamente nas mesmas pedras que j\u00e1 tinha pago para conhecer.<\/p>\n\n\n\n<p class=\"wp-block-paragraph\">Os pesquisadores Schindler e Eppler deram nome a isso: amn\u00e9sia de projeto. A empresa esquece, de um projeto para o outro, tanto os fracassos quanto os acertos. E os n\u00fameros do pr\u00f3prio PMI mostram o tamanho do vazamento: cerca de 89% das equipes at\u00e9 registram as li\u00e7\u00f5es aprendidas ao fim dos projetos, mas apenas 31% das organiza\u00e7\u00f5es t\u00eam algum sistema para guardar e reaproveitar esse conhecimento depois. Ou seja, aprende-se, escreve-se, e arquiva-se para nunca mais ver. Peter Senge, em A Quinta Disciplina, j\u00e1 dizia o essencial: a organiza\u00e7\u00e3o que n\u00e3o preserva a pr\u00f3pria mem\u00f3ria est\u00e1 condenada a repetir os erros que essa mem\u00f3ria evitaria. E, na era da intelig\u00eancia artificial, isso ganhou um agravante novo. O conhecimento que a empresa n\u00e3o organiza hoje \u00e9 exatamente o contexto que falta para que suas pr\u00f3prias ferramentas de IA sejam confi\u00e1veis amanh\u00e3. Quem n\u00e3o vira o pr\u00f3prio passado em m\u00e9todo entrega a IA um presente sem mem\u00f3ria.<\/p>\n\n\n\n<p class=\"wp-block-paragraph\">Repare que esta quarta armadilha \u00e9 diferente das outras tr\u00eas. As primeiras impedem o projeto de gerar valor. Esta impede o valor gerado de se transformar em legado. \u00c9 a diferen\u00e7a entre concluir um projeto e evoluir uma organiza\u00e7\u00e3o. E \u00e9 justamente para n\u00e3o cair nela que a conclus\u00e3o precisa ser tratada como o come\u00e7o de um novo ciclo, e n\u00e3o como uma linha de chegada.<\/p>\n\n\n\n<h2 class=\"wp-block-heading\"><strong>Como escapar das quatro armadilhas<\/strong><\/h2>\n\n\n\n<p class=\"wp-block-paragraph\">A essa altura voc\u00ea j\u00e1 deve ter reconhecido, em pelo menos um projeto seu, uma dessas quatro armadilhas. A pergunta que interessa, ent\u00e3o, deixa de ser qual delas amea\u00e7a o seu projeto e passa a ser como escapar das quatro ao mesmo tempo.<\/p>\n\n\n\n<p class=\"wp-block-paragraph\">A resposta tem nome, e \u00e9 a metodologia que passei anos desenhando: a Acabativa Inteligente, sustentada por uma ferramenta visual, o Canvas da Acabativa Inteligente. Guarde esse nome, porque vou detalh\u00e1-lo daqui a pouco. Antes, deixe-me provar que ele funciona com a hist\u00f3ria que eu havia deixado no meio do caminho, a do Senac. Porque foi ali, e n\u00e3o numa sala de aula, que eu aprendi na pele que terminar n\u00e3o basta quando falta o posicionamento que transforma esfor\u00e7o em valor.<\/p>\n\n\n\n<h2 class=\"wp-block-heading\"><strong>Santiago, e o dia em que o posicionamento ficou claro<\/strong><\/h2>\n\n\n\n<p class=\"wp-block-paragraph\">A virada n\u00e3o veio de uma reuni\u00e3o de planejamento. Veio de uma caminhada, do outro lado do continente.<\/p>\n\n\n\n<p class=\"wp-block-paragraph\">Estive em Santiago do Chile e caminhei pelo bairro universit\u00e1rio. Reparei em algo que mudou tudo. Cada universidade comunicava a si mesma por um mesmo eixo, insistente, repetido em cada pe\u00e7a: empregabilidade. N\u00e3o falavam de estrutura, de tradi\u00e7\u00e3o ou de corpo docente. Falavam de emprego. De futuro. Do que o aluno vira depois do diploma.<\/p>\n\n\n\n<p class=\"wp-block-paragraph\">Voltei com a resposta que faltava. O posicionamento da Faculdade Senac Rio n\u00e3o era nenhum dos que discut\u00edamos em sala. Era empregabilidade. Fiz ent\u00e3o uma pesquisa r\u00e1pida com os meus alunos de gradua\u00e7\u00e3o e descobri um dado que estava ali o tempo todo, esperando ser visto: 85% deles estavam empregados.<\/p>\n\n\n\n<p class=\"wp-block-paragraph\">Aquele n\u00famero virou estrat\u00e9gia. Determinei que toda pe\u00e7a de marketing e de comunica\u00e7\u00e3o passasse a levar um carimbo simples e direto: Faculdade Senac Rio, 85% dos alunos empregados. Paramos de vender escola. Passamos a vender futuro, e a provar com dado.<\/p>\n\n\n\n<p class=\"wp-block-paragraph\">O que aconteceu depois ainda me impressiona quando conto. Em tr\u00eas anos, os 60 alunos iniciais viraram 4.000, entre gradua\u00e7\u00e3o, extens\u00e3o e p\u00f3s. A unidade saiu da lanterna para a segunda de maior faturamento do Senac Rio, e foi eleita entre as 16 melhores faculdades isoladas do estado, disputando com outras 124 institui\u00e7\u00f5es.<\/p>\n\n\n\n<p class=\"wp-block-paragraph\">Repare no que mudou entre a campanha fracassada e essa arrancada. N\u00e3o mudou a equipe, que aprendeu no caminho. N\u00e3o mudou o esfor\u00e7o, que sempre existiu. E n\u00e3o mudou o prop\u00f3sito: fazer a faculdade acontecer era o desafio desde o primeiro dia. O que mudou foi o posicionamento. Sair de uma escola que oferecia cursos para uma escola que entregava empregabilidade. E, com o posicionamento claro, mudou o crit\u00e9rio de valor. A campanha antiga terminava em publicar. A nova terminava em provar empregabilidade. A primeira s\u00f3 tinha fim. A segunda tinha valor.<\/p>\n\n\n\n<p class=\"wp-block-paragraph\">E, para ser justo com a minha pr\u00f3pria hist\u00f3ria, o Senac n\u00e3o foi a primeira vez que aprendi isso. Anos antes, em 2002, abri o primeiro campus da Est\u00e1cio dentro de um shopping, o Nova Am\u00e9rica, sem ter campus para mostrar. Tinha um quiosque numa entrada, quatro pessoas e nenhum pr\u00e9dio pronto. Vendemos o sonho, a educa\u00e7\u00e3o que transforma, um futuro que ainda n\u00e3o existia em tijolo, e fizemos mais de mil e quinhentas inscri\u00e7\u00f5es. Vender valor, e n\u00e3o produto, virou m\u00e9todo na minha carreira muito antes de eu ter um nome para isso. Mas essa hist\u00f3ria guarda outra li\u00e7\u00e3o, sobre por que tanta informa\u00e7\u00e3o boa n\u00e3o vira decis\u00e3o, e ela merece um texto s\u00f3 dela. Fica para a pr\u00f3xima conversa.<\/p>\n\n\n\n<figure class=\"wp-block-image aligncenter size-large\"><img loading=\"lazy\" decoding=\"async\" width=\"1024\" height=\"683\" src=\"https:\/\/claudiostarec.com.br\/wp-content\/uploads\/2026\/08\/as-4-armadilhas-da-acabativa-inteligente-claudio-starec-1024x683.webp\" alt=\"\" class=\"wp-image-1038\" srcset=\"https:\/\/claudiostarec.com.br\/wp-content\/uploads\/2026\/08\/as-4-armadilhas-da-acabativa-inteligente-claudio-starec-1024x683.webp 1024w, https:\/\/claudiostarec.com.br\/wp-content\/uploads\/2026\/08\/as-4-armadilhas-da-acabativa-inteligente-claudio-starec-300x200.webp 300w, https:\/\/claudiostarec.com.br\/wp-content\/uploads\/2026\/08\/as-4-armadilhas-da-acabativa-inteligente-claudio-starec-768x512.webp 768w, https:\/\/claudiostarec.com.br\/wp-content\/uploads\/2026\/08\/as-4-armadilhas-da-acabativa-inteligente-claudio-starec.webp 1488w\" sizes=\"(max-width: 1024px) 100vw, 1024px\" \/><figcaption class=\"wp-element-caption\">As 4 Armadilhas<\/figcaption><\/figure>\n\n\n\n<h2 class=\"wp-block-heading\"><strong>O que aprendi a colocar no papel<\/strong><\/h2>\n\n\n\n<p class=\"wp-block-paragraph\">Foi de epis\u00f3dios como esse, o meu e o de tantas equipes que acompanhei, que desenvolvi a metodologia da Acabativa Inteligente. A ideia que a sustenta \u00e9 simples de enunciar e exigente de praticar: se a conclus\u00e3o \u00e9 o ponto mais fr\u00e1gil da execu\u00e7\u00e3o, ela merece um m\u00e9todo pr\u00f3prio, e n\u00e3o mais boa vontade.<\/p>\n\n\n\n<p class=\"wp-block-paragraph\">No centro est\u00e1 uma ferramenta visual, o Canvas da Acabativa Inteligente, que organiza um projeto em nove blocos, do prop\u00f3sito \u00e0 proje\u00e7\u00e3o do pr\u00f3ximo ciclo. A leitura \u00e9 circular, n\u00e3o linear, porque cada entrega bem feita n\u00e3o \u00e9 uma linha de chegada. \u00c9 o ponto de partida, mais qualificado, do ciclo seguinte.<\/p>\n\n\n\n<p class=\"wp-block-paragraph\">O Canvas obriga o l\u00edder a responder, no papel, as perguntas que a pressa nos faz pular. E n\u00e3o por acaso elas cobrem justamente as quatro armadilhas. Por que este projeto existe, e para quem ele gera valor, \u00e9 a pergunta que a minha campanha de p\u00f3s n\u00e3o sabia responder. O que pode impedir a conclus\u00e3o \u00e9 o bloco que enfrenta os sabotadores de sempre: o perfeccionismo que adia, a prioridade que muda, o retrabalho que drena, a reuni\u00e3o que n\u00e3o decide. Como saberemos que geramos valor \u00e9 a pergunta que separa terminar de concluir, a mesma que os 85% de empregabilidade responderam por n\u00f3s. E os \u00faltimos blocos, aprendizagem, intelig\u00eancia e proje\u00e7\u00e3o, existem para vencer a quarta armadilha, a da amn\u00e9sia, transformando cada entrega em mem\u00f3ria, m\u00e9todo e vantagem para o ciclo seguinte. \u00c9 por isso que o Canvas se l\u00ea em c\u00edrculo, e n\u00e3o em linha reta. Ele come\u00e7a no prop\u00f3sito e termina no legado, que \u00e9 apenas o prop\u00f3sito do pr\u00f3ximo projeto, agora mais s\u00e1bio.<\/p>\n\n\n\n<p class=\"wp-block-paragraph\">Para que isso n\u00e3o vire intui\u00e7\u00e3o, a metodologia inclui o \u00cdndice de Acabativa, um instrumento que pontua a maturidade do projeto, de zero a cem, em dimens\u00f5es como clareza de prop\u00f3sito, foco, entrega de valor e capacidade de aprender. N\u00e3o \u00e9 uma nota para arquivar, \u00e9 um placar para acompanhar. Uma equipe que sai de 61 para 84 de um ciclo para o outro sabe exatamente o que melhorou, e por qu\u00ea. \u00c9 um raio-X honesto, quase sempre inc\u00f4modo, e por isso mesmo \u00fatil. J\u00e1 vi diretores descobrirem, ao preench\u00ea-lo, que o projeto de que mais se orgulhavam era pura iniciativa: prop\u00f3sito clar\u00edssimo e capacidade de conclus\u00e3o baix\u00edssima. Brilhante, e condenado.<\/p>\n\n\n\n<figure class=\"wp-block-image aligncenter size-full\"><img loading=\"lazy\" decoding=\"async\" width=\"1000\" height=\"1000\" src=\"https:\/\/claudiostarec.com.br\/wp-content\/uploads\/2026\/08\/o-ciclo-da-acabativa-inteligente-claudio-starec.webp\" alt=\"\" class=\"wp-image-1037\" srcset=\"https:\/\/claudiostarec.com.br\/wp-content\/uploads\/2026\/08\/o-ciclo-da-acabativa-inteligente-claudio-starec.webp 1000w, https:\/\/claudiostarec.com.br\/wp-content\/uploads\/2026\/08\/o-ciclo-da-acabativa-inteligente-claudio-starec-300x300.webp 300w, https:\/\/claudiostarec.com.br\/wp-content\/uploads\/2026\/08\/o-ciclo-da-acabativa-inteligente-claudio-starec-150x150.webp 150w, https:\/\/claudiostarec.com.br\/wp-content\/uploads\/2026\/08\/o-ciclo-da-acabativa-inteligente-claudio-starec-768x768.webp 768w\" sizes=\"(max-width: 1000px) 100vw, 1000px\" \/><figcaption class=\"wp-element-caption\">O Ciclo da Acabativa Inteligente<\/figcaption><\/figure>\n\n\n\n<h3 class=\"wp-block-heading\"><strong>As perguntas que eu deixaria com voc\u00ea<\/strong><\/h3>\n\n\n\n<ul class=\"wp-block-list\">\n<li>Dos seus projetos deste ano, quantos foram apenas terminados e quantos foram conclu\u00eddos com o valor que prometiam?<\/li>\n\n\n\n<li>Algum deles \u00e9 uma Intel em potencial, uma aposta feita com a r\u00e9gua de ontem para um mundo que j\u00e1 virou a esquina?<\/li>\n\n\n\n<li>Qual \u00e9 o carimbo de valor do seu projeto, o seu equivalente aos 85% de empregabilidade, aquele n\u00famero que prova, e n\u00e3o apenas promete?<\/li>\n\n\n\n<li>E a sua equipe: ela est\u00e1 tecnicamente alocada no projeto, ou emocionalmente dona dele?<\/li>\n\n\n\n<li>E, quando este projeto acabar, o que a sua organiza\u00e7\u00e3o vai guardar dele al\u00e9m do resultado: haver\u00e1 mem\u00f3ria, ou s\u00f3 arquivo?<\/li>\n<\/ul>\n\n\n\n<p class=\"wp-block-paragraph\">E fica a m\u00e1xima:<\/p>\n\n\n\n<blockquote class=\"wp-block-quote is-layout-flow wp-block-quote-is-layout-flow\">\n<p class=\"wp-block-paragraph\"><strong>Terminar \u00e9 cruzar a linha. Concluir \u00e9 cruzar a linha tendo gerado o valor que se prometeu. A diferen\u00e7a entre as duas nunca foi vontade. \u00c9 m\u00e9todo.<\/strong><\/p>\n<\/blockquote>\n\n\n\n<p class=\"wp-block-paragraph\">Fomos treinados a admirar quem come\u00e7a. Est\u00e1 na hora de aprender a admirar, e a formar, quem termina a coisa certa.<\/p>\n\n\n\n<blockquote class=\"wp-block-quote is-layout-flow wp-block-quote-is-layout-flow\">\n<p class=\"wp-block-paragraph\">Avanti sempre!<\/p>\n<\/blockquote>\n\n\n\n<p class=\"wp-block-paragraph\">Agora quero ler voc\u00ea. Qual projeto da sua organiza\u00e7\u00e3o foi entregue e mesmo assim nunca gerou o valor que prometia? E, sendo honesto: em qual das quatro armadilhas voc\u00ea j\u00e1 caiu?<\/p>\n\n\n\n<hr class=\"wp-block-separator has-alpha-channel-opacity\"\/>\n\n\n\n<div style=\"height:30px\" aria-hidden=\"true\" class=\"wp-block-spacer\"><\/div>\n\n\n\n<p class=\"wp-block-paragraph\"><strong>Fontes dos dados citados, para verifica\u00e7\u00e3o<\/strong><\/p>\n\n\n\n<ul class=\"wp-block-list\">\n<li><strong>Project Management Institute (PMI), Pulse of the Profession<\/strong>: taxa de projetos conclu\u00eddos no prazo e or\u00e7amento; principais causas de fracasso; desperd\u00edcio de investimento por baixo desempenho; obsolesc\u00eancia de requisitos entre a defini\u00e7\u00e3o e a primeira entrega.<\/li>\n\n\n\n<li><strong>Gallup, State of the Global Workplace 2026<\/strong> (divulgado em abril de 2026, com dados de 2025): engajamento global em 20%, o menor desde 2020; queda do engajamento dos gestores de 27% para 22% em um ano (nove pontos desde 2022); custo estimado de US$ 10 trilh\u00f5es (9% do PIB global); gestor responde por cerca de 70% da vari\u00e2ncia no engajamento da equipe.<\/li>\n\n\n\n<li><strong>Caso Intel<\/strong>: recusa em fabricar o chip do primeiro iPhone, admitida por Paul Otellini (CEO 2005-2013) em entrevista \u00e0 revista The Atlantic (2013) e relatada no livro Chip War, de Chris Miller; perda da onda de IA para a Nvidia; sa\u00edda do \u00edndice Dow Jones em novembro de 2024, substitu\u00edda pela Nvidia; aporte da Nvidia na Intel de US$ 5 bilh\u00f5es, anunciado em setembro e conclu\u00eddo em dezembro de 2025 (fontes: Reuters, NBC News, CNBC, entre outras).<\/li>\n\n\n\n<li><strong>Manifesto \u00c1gil (2001)<\/strong>, como marco da resposta \u00e0 obsolesc\u00eancia por entrega tardia e \u00e0 aposta estrat\u00e9gica cega.<\/li>\n\n\n\n<li><strong>Projetos de matura\u00e7\u00e3o longa<\/strong>: palmeira talipot (Corypha umbraculifera), monoc\u00e1rpica, floresce uma \u00fanica vez ap\u00f3s cerca de 50 a 70 anos e depois morre; exemplares plantados por Roberto Burle Marx nos anos 1960 floresceram no Rio de Janeiro (Aterro do Flamengo e Jardim Bot\u00e2nico) pela primeira vez no fim de 2025 (fontes: Reuters, UPI, Courthouse News). Par\u00e1bola da alfarrobeira (70 anos) e de Honi, do Talmude, tratado Ta&#8217;anit 23a. Sagrada Fam\u00edlia: in\u00edcio da constru\u00e7\u00e3o em 1882; Antoni Gaud\u00ed faleceu em 10 de junho de 1926 com cerca de 15% da obra conclu\u00edda; a silhueta completa foi alcan\u00e7ada em 20 de fevereiro de 2026, 144 anos ap\u00f3s o in\u00edcio e no ano do centen\u00e1rio da morte de Gaud\u00ed, com a Torre de Jesus Cristo (172,5 m); a inaugura\u00e7\u00e3o ocorreu em 10 de junho de 2026, data exata do centen\u00e1rio, restando trabalhos internos e a Fachada da Gl\u00f3ria para os anos seguintes (fontes: Vatican News, CNN, The Art Newspaper e o site oficial da bas\u00edlica).<\/li>\n\n\n\n<li><strong>Amn\u00e9sia de projeto<\/strong>: termo de Schindler e Eppler (2003). Dados sobre captura e reaproveitamento de li\u00e7\u00f5es aprendidas: Project Management Institute (89% capturam ao fim do projeto; 31% possuem sistema para reutiliz\u00e1-las). Refer\u00eancia conceitual: Peter Senge, A Quinta Disciplina (The Fifth Discipline, 1990). Agravante na era da IA: perda de conhecimento institucional como contexto ausente para ferramentas de IA (an\u00e1lises setoriais de 2026).<\/li>\n<\/ul>\n\n\n\n<p class=\"wp-block-paragraph\"><\/p>\n","protected":false},"excerpt":{"rendered":"<p>A ilus\u00e3o da produtividade: terminar n\u00e3o significa concluir. As 4 Armadilhas da Acabativa, e o m\u00e9todo para transformar esfor\u00e7o em valor. Por que a acabativa precisa de m\u00e9todo, e n\u00e3o de mais boa vontade Eu tinha acabado de chegar ao Senac Rio quando precisei lan\u00e7ar a campanha de p\u00f3s-gradua\u00e7\u00e3o. N\u00e3o era o momento ideal, e [&hellip;]<\/p>\n","protected":false},"author":1,"featured_media":1040,"comment_status":"open","ping_status":"open","sticky":false,"template":"","format":"standard","meta":{"footnotes":""},"categories":[1],"tags":[],"class_list":["post-1036","post","type-post","status-publish","format-standard","has-post-thumbnail","hentry","category-blog"],"_links":{"self":[{"href":"https:\/\/claudiostarec.com.br\/index.php\/wp-json\/wp\/v2\/posts\/1036","targetHints":{"allow":["GET"]}}],"collection":[{"href":"https:\/\/claudiostarec.com.br\/index.php\/wp-json\/wp\/v2\/posts"}],"about":[{"href":"https:\/\/claudiostarec.com.br\/index.php\/wp-json\/wp\/v2\/types\/post"}],"author":[{"embeddable":true,"href":"https:\/\/claudiostarec.com.br\/index.php\/wp-json\/wp\/v2\/users\/1"}],"replies":[{"embeddable":true,"href":"https:\/\/claudiostarec.com.br\/index.php\/wp-json\/wp\/v2\/comments?post=1036"}],"version-history":[{"count":1,"href":"https:\/\/claudiostarec.com.br\/index.php\/wp-json\/wp\/v2\/posts\/1036\/revisions"}],"predecessor-version":[{"id":1042,"href":"https:\/\/claudiostarec.com.br\/index.php\/wp-json\/wp\/v2\/posts\/1036\/revisions\/1042"}],"wp:featuredmedia":[{"embeddable":true,"href":"https:\/\/claudiostarec.com.br\/index.php\/wp-json\/wp\/v2\/media\/1040"}],"wp:attachment":[{"href":"https:\/\/claudiostarec.com.br\/index.php\/wp-json\/wp\/v2\/media?parent=1036"}],"wp:term":[{"taxonomy":"category","embeddable":true,"href":"https:\/\/claudiostarec.com.br\/index.php\/wp-json\/wp\/v2\/categories?post=1036"},{"taxonomy":"post_tag","embeddable":true,"href":"https:\/\/claudiostarec.com.br\/index.php\/wp-json\/wp\/v2\/tags?post=1036"}],"curies":[{"name":"wp","href":"https:\/\/api.w.org\/{rel}","templated":true}]}}