{"id":1029,"date":"2026-08-07T09:19:00","date_gmt":"2026-08-07T12:19:00","guid":{"rendered":"https:\/\/claudiostarec.com.br\/?p=1029"},"modified":"2026-08-10T09:23:18","modified_gmt":"2026-08-10T12:23:18","slug":"voce-nao-esta-sem-tempo-esta-afogado-em-um-mar-de-informacao","status":"publish","type":"post","link":"https:\/\/claudiostarec.com.br\/index.php\/2026\/08\/07\/voce-nao-esta-sem-tempo-esta-afogado-em-um-mar-de-informacao\/","title":{"rendered":"Voc\u00ea n\u00e3o est\u00e1 sem tempo. Est\u00e1 afogado em um mar de informa\u00e7\u00e3o."},"content":{"rendered":"\n<div style=\"height:30px\" aria-hidden=\"true\" class=\"wp-block-spacer\"><\/div>\n\n\n\n<h2 class=\"wp-block-heading\">Como o excesso de informa\u00e7\u00e3o est\u00e1 roubando aquilo que realmente produz resultados.<\/h2>\n\n\n\n<p class=\"wp-block-paragraph\">Todos os dias eu sento para fazer o que realmente importa. E, poucos minutos depois, estou lendo algo extremamente interessante&#8230; que n\u00e3o tem absolutamente nada a ver com a tarefa. Um artigo puxa um v\u00eddeo, que puxa uma not\u00edcia, que puxa outra aba. Se isso acontece com voc\u00ea tamb\u00e9m, este artigo \u00e9 um convite para repensar a forma como tratamos o recurso mais escasso do nosso tempo: a aten\u00e7\u00e3o. \u00c9 o canto da sereia do que \u00e9 apenas bom saber, me afastando do que \u00e9 preciso fazer.<\/p>\n\n\n\n<p class=\"wp-block-paragraph\">Levei um tempo para entender que o problema n\u00e3o era falta de disciplina. Era excesso de est\u00edmulo. E se acontece comigo, que estudo isso, desconfio que acontece com voc\u00ea tamb\u00e9m.<\/p>\n\n\n\n<p class=\"wp-block-paragraph\">Estamos vivendo uma guerra estranha, sem ex\u00e9rcito e sem fronteira, e a v\u00edtima somos n\u00f3s mesmos. \u00c9 a guerra pela nossa aten\u00e7\u00e3o. Chamo o que ela produz de epidemia de distra\u00e7\u00e3o, um TDAH coletivo que n\u00e3o est\u00e1 no prontu\u00e1rio de ningu\u00e9m, mas est\u00e1 no expediente de todo mundo.<\/p>\n\n\n\n<h2 class=\"wp-block-heading\"><strong>N\u00e3o \u00e9 impress\u00e3o sua.<\/strong><\/h2>\n\n\n\n<p class=\"wp-block-paragraph\">A pesquisadora Gloria Mark, da Universidade da Calif\u00f3rnia, mede o nosso foco h\u00e1 duas d\u00e9cadas, cron\u00f4metro na m\u00e3o, observando pessoas de verdade no trabalho.<\/p>\n\n\n\n<p class=\"wp-block-paragraph\">Em 2004, uma pessoa aguentava dois minutos e meio de aten\u00e7\u00e3o numa tela antes de trocar.<\/p>\n\n\n\n<p class=\"wp-block-paragraph\">Em 2021, esse n\u00famero tinha desabado para 47 segundos.<\/p>\n\n\n\n<p class=\"wp-block-paragraph\">Hoje, h\u00e1 quem defenda que temos apenas 6 segundos, antes da nossa aten\u00e7\u00e3o se dissipar, menos do que a de um peixinho dourado.<\/p>\n\n\n\n<p class=\"wp-block-paragraph\">E, uma vez desviada a aten\u00e7\u00e3o, levamos em m\u00e9dia 25 minutos para voltar \u00e0 tarefa original. Some isso ao longo do dia e voc\u00ea entende por que termina exausto sem saber direito o que fez.<\/p>\n\n\n\n<p class=\"wp-block-paragraph\">H\u00e1 um culpado silencioso nisso tudo. Nosso c\u00e9rebro se viciou em pequenas recompensas instant\u00e2neas, o like, a notifica\u00e7\u00e3o, a novidade, e passou a preferir esses agrados r\u00e1pidos ao esfor\u00e7o fundo de uma tarefa dif\u00edcil. \u00c9 mais gostoso trocar de aba do que encarar o problema.<\/p>\n\n\n\n<p class=\"wp-block-paragraph\">Como chegamos aqui? Alvin Toffler j\u00e1 avisava, em 1980, no livro A Terceira Onda, que entrar\u00edamos na era do prossumidor, em que cada um seria, ao mesmo tempo, produtor e consumidor de informa\u00e7\u00e3o. Ele acertou. S\u00f3 que ningu\u00e9m dimensionou o dil\u00favio. E o alerta \u00e9 ainda mais antigo.<\/p>\n\n\n\n<blockquote class=\"wp-block-quote is-layout-flow wp-block-quote-is-layout-flow\">\n<p class=\"wp-block-paragraph\"><em>Uma riqueza de informa\u00e7\u00e3o cria uma pobreza de aten\u00e7\u00e3o.<\/em><\/p>\n<\/blockquote>\n\n\n\n<p class=\"wp-block-paragraph\">Herbert Simon escreveu isso em 1971, e ganharia o Nobel de Economia anos depois. Ele enxergou a economia da aten\u00e7\u00e3o antes de existir tela, feed ou notifica\u00e7\u00e3o. Eu costumo levar a ideia um passo adiante: de tanta informa\u00e7\u00e3o, a pr\u00f3pria informa\u00e7\u00e3o empobrece, porque o que de fato importa se afoga no meio do ru\u00eddo. O que me levou acreditar que:<\/p>\n\n\n\n<blockquote class=\"wp-block-quote is-layout-flow wp-block-quote-is-layout-flow\">\n<h2 class=\"wp-block-heading\"><strong><em>A Riqueza da Informa\u00e7\u00e3o gera a pobreza da informa\u00e7\u00e3o e do conhecimento.<\/em><\/strong><\/h2>\n<\/blockquote>\n\n\n\n<p class=\"wp-block-paragraph\">Se o problema \u00e9 o excesso, a solu\u00e7\u00e3o n\u00e3o \u00e9 produzir mais. \u00c9 saber destilar. E aqui eu preciso contar uma hist\u00f3ria.<\/p>\n\n\n\n<p class=\"wp-block-paragraph\">Anos atr\u00e1s, no intervalo de uma aula, perguntei a um aluno de p\u00f3s-gradua\u00e7\u00e3o, dono de uma empresa de pesquisa de mercado, como ele fazia para entregar aos clientes o que realmente importava, j\u00e1 que devia gerar uma montanha de dados. Ele sorriu e me perguntou se eu conhecia a metodologia do A4. Eu n\u00e3o conhecia. Ent\u00e3o pegou uma folha de papel em branco e disse: tudo o que for de fato relevante tem que caber aqui, nesta folha, porque \u00e9 isso que o executivo vai ler.<\/p>\n\n\n\n<p class=\"wp-block-paragraph\">Naquele instante entendi uma coisa que nunca mais me largou. Intelig\u00eancia n\u00e3o \u00e9 produzir mais informa\u00e7\u00e3o. \u00c9 reduzir a informa\u00e7\u00e3o ao essencial.<\/p>\n\n\n\n<p class=\"wp-block-paragraph\">Foi da\u00ed que desenvolvi o conceito que chamo de gotejamento informacional: a informa\u00e7\u00e3o certa, para a pessoa certa, no momento certo e no formato mais adequado. Nem uma gota a mais, nem uma a menos.<\/p>\n\n\n\n<p class=\"wp-block-paragraph\">O nome n\u00e3o \u00e9 por acaso. Aos 17 anos, na minha primeira viagem a Israel, conheci o gotejamento por gotejamento, o drip irrigation. A hist\u00f3ria \u00e9 linda. Um engenheiro chamado Simcha Blass reparou que, no meio do deserto, uma \u00e1rvore crescia mais forte que as vizinhas. Foi investigar e descobriu que um cano enterrado a alimentava, devagar, gota a gota. Num pa\u00eds em que mais da metade do territ\u00f3rio \u00e9 deserto e a \u00e1gua sempre foi escassa, aquilo virou revolu\u00e7\u00e3o. Em vez de inundar o campo e desperdi\u00e7ar, entrega-se a cada planta a gota exata de que ela precisa. O deserto virou pomar, e Israel se tornou um grande exportador de frutas e hortali\u00e7as, levando a t\u00e9cnica da \u00c1frica \u00e0 Am\u00e9rica Latina.<\/p>\n\n\n\n<p class=\"wp-block-paragraph\">Nunca mais esqueci daquela imagem. Anos depois entendi que a mesma l\u00f3gica valia para outro recurso igualmente escasso: a nossa aten\u00e7\u00e3o.<\/p>\n\n\n\n<figure class=\"wp-block-image aligncenter size-large\"><img fetchpriority=\"high\" decoding=\"async\" width=\"1024\" height=\"683\" src=\"https:\/\/claudiostarec.com.br\/wp-content\/uploads\/2026\/08\/o-gotejamento-informacional-1024x683.webp\" alt=\"\" class=\"wp-image-1030\" srcset=\"https:\/\/claudiostarec.com.br\/wp-content\/uploads\/2026\/08\/o-gotejamento-informacional-1024x683.webp 1024w, https:\/\/claudiostarec.com.br\/wp-content\/uploads\/2026\/08\/o-gotejamento-informacional-300x200.webp 300w, https:\/\/claudiostarec.com.br\/wp-content\/uploads\/2026\/08\/o-gotejamento-informacional-768x512.webp 768w, https:\/\/claudiostarec.com.br\/wp-content\/uploads\/2026\/08\/o-gotejamento-informacional.webp 1488w\" sizes=\"(max-width: 1024px) 100vw, 1024px\" \/><figcaption class=\"wp-element-caption\">O Gotejamento Informacional<\/figcaption><\/figure>\n\n\n\n<blockquote class=\"wp-block-quote is-layout-flow wp-block-quote-is-layout-flow\">\n<p class=\"wp-block-paragraph\"><em>Informa\u00e7\u00e3o \u00e9 como \u00e1gua no deserto. Em excesso, ela afoga. Na dose certa, faz florescer.<\/em><\/p>\n<\/blockquote>\n\n\n\n<p class=\"wp-block-paragraph\">E n\u00e3o pense que isso \u00e9 filosofia de professor. \u00c9 a pr\u00e1tica de quem est\u00e1 no topo do mundo. Em outubro de 2025, a Nvidia se tornou a primeira empresa da hist\u00f3ria a valer 5 trilh\u00f5es de d\u00f3lares, ultrapassando Microsoft e Apple. Pois o homem que a comanda, Jensen Huang, dirige esse gigante com um m\u00e9todo que \u00e9 gotejamento puro. Ele desconfia de relat\u00f3rios formais, que considera dilu\u00eddos demais. No lugar deles, pede aos funcion\u00e1rios um email curto, chamado Top 5 Things, as cinco coisas mais importantes do momento, em poucas linhas. Huang l\u00ea cerca de cem desses emails por dia, inclusive no domingo \u00e0 noite, para captar, como ele diz, os sinais fracos antes que virem problemas grandes. A informa\u00e7\u00e3o chega destilada, no formato certo, direto na pessoa certa. \u00c9 a folha A4 do meu aluno, rodando na empresa mais valiosa do planeta.<\/p>\n\n\n\n<p class=\"wp-block-paragraph\">O ant\u00eddoto para o dil\u00favio, ent\u00e3o, n\u00e3o \u00e9 beber mais \u00e1gua. \u00c9 aprender a gotejar. Escolher com cuidado o que merece a nossa aten\u00e7\u00e3o e o que merece a aten\u00e7\u00e3o dos outros, porque aten\u00e7\u00e3o virou o recurso mais escasso que temos. Toda vez que voc\u00ea repassa um relat\u00f3rio de trinta p\u00e1ginas que caberia num par\u00e1grafo, voc\u00ea n\u00e3o est\u00e1 informando. Est\u00e1 afogando.<\/p>\n\n\n\n<p class=\"wp-block-paragraph\">Fica a pergunta, para voc\u00ea e para mim: quantas horas do seu dia voc\u00ea passou ouvindo o canto da sereia, enquanto a tarefa que realmente importava secava ali do lado?<\/p>\n\n\n\n<blockquote class=\"wp-block-quote is-layout-flow wp-block-quote-is-layout-flow\">\n<p class=\"wp-block-paragraph\"><strong><em>Na era do dil\u00favio, quem aprende a controlar a gota passa a controlar o resultado.<\/em><\/strong><\/p>\n<\/blockquote>\n\n\n\n<p class=\"wp-block-paragraph\"><em>Avanti sempre!<\/em><\/p>\n\n\n\n<hr class=\"wp-block-separator has-alpha-channel-opacity\"\/>\n\n\n\n<div style=\"height:30px\" aria-hidden=\"true\" class=\"wp-block-spacer\"><\/div>\n\n\n\n<p class=\"wp-block-paragraph\"><strong>Fontes<\/strong><\/p>\n\n\n\n<p class=\"wp-block-paragraph\">Herbert Simon, &#8220;Designing Organizations for an Information-Rich World&#8221;, em Computers, Communications, and the Public Interest (org. Martin Greenberger, Johns Hopkins Press, 1971).<\/p>\n\n\n\n<p class=\"wp-block-paragraph\">Alvin Toffler, A Terceira Onda (1980).<\/p>\n\n\n\n<p class=\"wp-block-paragraph\">Gloria Mark, Attention Span (2023). Universidade da Calif\u00f3rnia: <a href=\"http:\/\/universityofcalifornia.edu\/news\/cant-pay-attention-youre-not-alone\">universityofcalifornia.edu\/news\/cant-pay-attention-youre-not-alone<\/a> \u2014 CNN: <a href=\"http:\/\/cnn.com\/2023\/01\/11\/health\/short-attention-span-wellness\">cnn.com\/2023\/01\/11\/health\/short-attention-span-wellness<\/a><\/p>\n\n\n\n<p class=\"wp-block-paragraph\">Gotejamento israelense (Simcha Blass \/ Netafim): The Times of Israel, &#8220;What Israeli drips did for the world&#8221;. <a href=\"http:\/\/timesofisrael.com\/what-israeli-drips-did-for-the-world\">timesofisrael.com\/what-israeli-drips-did-for-the-world<\/a> \u2014 Israel21c: <a href=\"http:\/\/israel21c.org\/how-israel-used-innovation-to-beat-its-water-crisis\">israel21c.org\/how-israel-used-innovation-to-beat-its-water-crisis<\/a><\/p>\n\n\n\n<p class=\"wp-block-paragraph\">Nvidia nos 5 trilh\u00f5es: CNBC, <a href=\"http:\/\/cnbc.com\/2025\/10\/29\/nvidia-on-track-to-hit-historic-5-trillion-valuation-amid-ai-rally.html\">cnbc.com\/2025\/10\/29\/nvidia-on-track-to-hit-historic-5-trillion-valuation-amid-ai-rally.html<\/a> \u2014 CNN, <a href=\"http:\/\/cnn.com\/2025\/10\/29\/tech\/nvidia-5-trillion-valuation-ai\">cnn.com\/2025\/10\/29\/tech\/nvidia-5-trillion-valuation-ai<\/a><\/p>\n\n\n\n<p class=\"wp-block-paragraph\">Emails &#8220;Top 5 Things&#8221;: Fortune, <a href=\"http:\/\/fortune.com\/2024\/12\/13\/jensen-huang-email-nvidia-management-leadership-top-5-things-t5t\">fortune.com\/2024\/12\/13\/jensen-huang-email-nvidia-management-leadership-top-5-things-t5t<\/a> \u2014 Tae Kim, The Nvidia Way (2024).<\/p>\n\n\n\n<p class=\"wp-block-paragraph\"><\/p>\n","protected":false},"excerpt":{"rendered":"<p>Como o excesso de informa\u00e7\u00e3o est\u00e1 roubando aquilo que realmente produz resultados. Todos os dias eu sento para fazer o que realmente importa. E, poucos minutos depois, estou lendo algo extremamente interessante&#8230; que n\u00e3o tem absolutamente nada a ver com a tarefa. Um artigo puxa um v\u00eddeo, que puxa uma not\u00edcia, que puxa outra aba. [&hellip;]<\/p>\n","protected":false},"author":1,"featured_media":1030,"comment_status":"open","ping_status":"open","sticky":false,"template":"","format":"standard","meta":{"footnotes":""},"categories":[1],"tags":[],"class_list":["post-1029","post","type-post","status-publish","format-standard","has-post-thumbnail","hentry","category-blog"],"_links":{"self":[{"href":"https:\/\/claudiostarec.com.br\/index.php\/wp-json\/wp\/v2\/posts\/1029","targetHints":{"allow":["GET"]}}],"collection":[{"href":"https:\/\/claudiostarec.com.br\/index.php\/wp-json\/wp\/v2\/posts"}],"about":[{"href":"https:\/\/claudiostarec.com.br\/index.php\/wp-json\/wp\/v2\/types\/post"}],"author":[{"embeddable":true,"href":"https:\/\/claudiostarec.com.br\/index.php\/wp-json\/wp\/v2\/users\/1"}],"replies":[{"embeddable":true,"href":"https:\/\/claudiostarec.com.br\/index.php\/wp-json\/wp\/v2\/comments?post=1029"}],"version-history":[{"count":1,"href":"https:\/\/claudiostarec.com.br\/index.php\/wp-json\/wp\/v2\/posts\/1029\/revisions"}],"predecessor-version":[{"id":1031,"href":"https:\/\/claudiostarec.com.br\/index.php\/wp-json\/wp\/v2\/posts\/1029\/revisions\/1031"}],"wp:featuredmedia":[{"embeddable":true,"href":"https:\/\/claudiostarec.com.br\/index.php\/wp-json\/wp\/v2\/media\/1030"}],"wp:attachment":[{"href":"https:\/\/claudiostarec.com.br\/index.php\/wp-json\/wp\/v2\/media?parent=1029"}],"wp:term":[{"taxonomy":"category","embeddable":true,"href":"https:\/\/claudiostarec.com.br\/index.php\/wp-json\/wp\/v2\/categories?post=1029"},{"taxonomy":"post_tag","embeddable":true,"href":"https:\/\/claudiostarec.com.br\/index.php\/wp-json\/wp\/v2\/tags?post=1029"}],"curies":[{"name":"wp","href":"https:\/\/api.w.org\/{rel}","templated":true}]}}